{"id":73995,"date":"2021-03-11T10:21:41","date_gmt":"2021-03-11T13:21:41","guid":{"rendered":"https:\/\/primicias2262.com\/?p=73995"},"modified":"2021-03-11T10:21:41","modified_gmt":"2021-03-11T13:21:41","slug":"las-asociaciones-civiles-podran-registrarse-en-la-anses","status":"publish","type":"post","link":"https:\/\/primicias2262.com\/noticias\/las-asociaciones-civiles-podran-registrarse-en-la-anses\/","title":{"rendered":"Las asociaciones civiles podr\u00e1n registrarse en la ANSES"},"content":{"rendered":"<p style=\"font-weight: 400;\">La directora ejecutiva de la ANSES,\u00a0Fernanda Raverta, y el ministro de Justicia y Derechos Humanos de la provincia de Buenos Aires,\u00a0Julio Alak, firmaron hoy un convenio de colaboraci\u00f3n para dar cumplimiento a la\u00a0Ley N\u00b0 15.192,\u00a0que establece las herramientas para promover y facilitar la constituci\u00f3n de asociaciones civiles como clubes de barrio, centro de jubilados, centros culturales, sociedades de fomento, jardines comunitarios y organizaciones de comunidades migrantes en el territorio bonaerense.<\/p>\n<p style=\"font-weight: 400;\">Durante el evento,\u00a0Raverta\u00a0explic\u00f3 que \u201c<em>esta pol\u00edtica es muy importante para nosotros, porque desde la ANSES entendemos que los cambios vienen con la l\u00f3gica de una salida comunitaria que permita dar soluciones a los argentinos y a las argentinas. A trav\u00e9s de este instrumento que firmamos hoy nos ponemos a disposici\u00f3n para lograr ese objetivo que nos permitir\u00e1 institucionalizar y certificar firmas para el desarrollo de proyectos y sue\u00f1os, porque tenemos un Estado que resuelve y acompa\u00f1a\u201d.<\/em><\/p>\n<p style=\"font-weight: 400;\">Por su parte,\u00a0Alak\u00a0reconoci\u00f3 a\u00a0Raverta\u00a0por su predisposici\u00f3n y trabajo, al tiempo que a\u00f1adi\u00f3: \u201c<em>Con este convenio vamos a constituir y formalizar a las asociaciones<\/em>\u00a0<em>civiles<\/em>\u00a0<em>en las oficinas de la ANSES.<\/em>\u00a0<em>Hoy es el primer paso, y es un paso muy importante porque miles de entidades de la Provincia que no puedan dirigirse hasta la ciudad de La Plata para regularizarse ahora pueden ir directamente a la ANSES<\/em>\u201d.<\/p>\n<p style=\"font-weight: 400;\">De esta manera, quienes deseen conformar asociaciones de tipo club de barrio, centro de jubilados, centro cultural, jard\u00edn comunitario, sociedad de fomento u organizaci\u00f3n de comunidades migrantes podr\u00e1n tramitar su registraci\u00f3n en cualquier delegaci\u00f3n de la ANSES<\/p>\n<p style=\"font-weight: 400;\">El convenio de apoyo rec\u00edproco entre ambos organismos permite a la ANSES extender actas constitutivas y estatutos de adhesi\u00f3n para el establecimiento de las asociaciones civiles, las que estar\u00e1n sujetas a la posterior legitimaci\u00f3n y registraci\u00f3n ante la Direcci\u00f3n Provincial de Personas Jur\u00eddicas de Justicia y DDHH.<\/p>\n<p style=\"font-weight: 400;\">Adem\u00e1s, se prev\u00e9 que el personal de la ANSES reciba capacitaci\u00f3n especial para poder recepcionar las solicitudes y realizar las derivaciones pertinentes de los tr\u00e1mites ante la Direcci\u00f3n Provincial de Personas Jur\u00eddicas.<\/p>\n<p style=\"font-weight: 400;\"><strong>\u00a0<\/strong><strong>Video de la actividad:<\/strong><strong>\u00a0<a href=\"https:\/\/we.tl\/t-sJpAVgUdFq\" data-saferedirecturl=\"https:\/\/www.google.com\/url?q=https:\/\/we.tl\/t-sJpAVgUdFq&amp;source=gmail&amp;ust=1615554609023000&amp;usg=AFQjCNHZuaYPAWe4fuw46FQa1Ybn_zFeqw\">https:\/\/we.tl\/t-sJpAVgUdFq<\/a><\/strong><\/p>\n","protected":false},"excerpt":{"rendered":"<p>La directora ejecutiva de la ANSES,\u00a0Fernanda Raverta, y el ministro de Justicia y Derechos Humanos de la provincia de Buenos Aires,\u00a0Julio Alak, firmaron hoy un convenio de colaboraci\u00f3n para dar cumplimiento a la\u00a0Ley N\u00b0 15.192,\u00a0que establece las herramientas para promover y facilitar la constituci\u00f3n de asociaciones civiles como clubes de barrio, centro de jubilados, centros [&hellip;]<\/p>\n","protected":false},"author":3,"featured_media":73996,"comment_status":"closed","ping_status":"closed","sticky":false,"template":"","format":"standard","meta":{"footnotes":""},"categories":[4],"tags":[],"class_list":{"0":"post-73995","1":"post","2":"type-post","3":"status-publish","4":"format-standard","5":"has-post-thumbnail","7":"category-actualidad"},"_links":{"self":[{"href":"https:\/\/primicias2262.com\/noticias\/wp-json\/wp\/v2\/posts\/73995","targetHints":{"allow":["GET"]}}],"collection":[{"href":"https:\/\/primicias2262.com\/noticias\/wp-json\/wp\/v2\/posts"}],"about":[{"href":"https:\/\/primicias2262.com\/noticias\/wp-json\/wp\/v2\/types\/post"}],"author":[{"embeddable":true,"href":"https:\/\/primicias2262.com\/noticias\/wp-json\/wp\/v2\/users\/3"}],"replies":[{"embeddable":true,"href":"https:\/\/primicias2262.com\/noticias\/wp-json\/wp\/v2\/comments?post=73995"}],"version-history":[{"count":0,"href":"https:\/\/primicias2262.com\/noticias\/wp-json\/wp\/v2\/posts\/73995\/revisions"}],"wp:featuredmedia":[{"embeddable":true,"href":"https:\/\/primicias2262.com\/noticias\/wp-json\/"}],"wp:attachment":[{"href":"https:\/\/primicias2262.com\/noticias\/wp-json\/wp\/v2\/media?parent=73995"}],"wp:term":[{"taxonomy":"category","embeddable":true,"href":"https:\/\/primicias2262.com\/noticias\/wp-json\/wp\/v2\/categories?post=73995"},{"taxonomy":"post_tag","embeddable":true,"href":"https:\/\/primicias2262.com\/noticias\/wp-json\/wp\/v2\/tags?post=73995"}],"curies":[{"name":"wp","href":"https:\/\/api.w.org\/{rel}","templated":true}]}}