{"id":73998,"date":"2021-03-11T10:27:15","date_gmt":"2021-03-11T13:27:15","guid":{"rendered":"https:\/\/primicias2262.com\/?p=73998"},"modified":"2021-03-11T10:27:15","modified_gmt":"2021-03-11T13:27:15","slug":"el-gobernador-de-chubut-declaro-el-estado-de-desastre-igneo-en-la-comarca-andina","status":"publish","type":"post","link":"https:\/\/primicias2262.com\/noticias\/el-gobernador-de-chubut-declaro-el-estado-de-desastre-igneo-en-la-comarca-andina\/","title":{"rendered":"El gobernador de Chubut declar\u00f3 el \u00abestado de desastre \u00edgneo\u00bb en la Comarca Andina"},"content":{"rendered":"<p>El decreto emitido por Mariano Arcioni rige a partir de este mi\u00e9rcoles y por el plazo de un a\u00f1o. Es \u00abcon motivo de los incendios ocurridos en la zona en las \u00faltimas horas y las consecuencias devastadoras generadas\u00bb.<\/p>\n<p>El gobernador de Chubut, Mariano Arcioni, declar\u00f3 el \u201cestado de desastre \u00edgneo en la comarca andina\u00bb a partir de este mi\u00e9rcoles y por el plazo de un a\u00f1o, \u00abcon motivo de los incendios ocurridos en la zona en las \u00faltimas horas y las consecuencias devastadoras generadas\u00bb, informaron fuentes del gobierno provincial.<\/p>\n<p>En el decreto, el gobernador describi\u00f3 que \u201c<strong>se produjeron incendios y \u00e9stos se propagaron de manera imprevista, generando consecuencias devastadoras en la poblaci\u00f3n y da\u00f1os materiales, tanto en establecimientos como en viviendas\u00bb.<\/strong><\/p>\n<p><img loading=\"lazy\" decoding=\"async\" class=\"aligncenter size-full wp-image-73999\" src=\"https:\/\/primicias2262.com\/wp-content\/uploads\/2021\/03\/chub.jpg\" alt=\"\" width=\"1004\" height=\"565\" \/><\/p>\n<p>En ese contexto, \u00abse hace necesario adoptar medidas extraordinarias para hacer frente a la grave situaci\u00f3n\u201d, a\u00f1adi\u00f3.<\/p>\n<p>El documento<strong>\u00a0autoriza adem\u00e1s al \u00abministro de Econom\u00eda y Cr\u00e9dito P\u00fablico, Oscar Antonena, a que efect\u00fae las modificaciones y\/o incrementos presupuestarios para ejecutar las erogaciones que fueren necesarias realizar\u00bb.<\/strong><\/p>\n<p>Tambi\u00e9n involucra a los ministros y secretarios de Estado, a quienes los conmina a \u00abarbitrar las medidas y acciones necesarias a los fines de dar respuesta a las situaciones que surjan como consecuencias de los incendios declarados\u00bb.<\/p>\n","protected":false},"excerpt":{"rendered":"<p>El decreto emitido por Mariano Arcioni rige a partir de este mi\u00e9rcoles y por el plazo de un a\u00f1o. Es \u00abcon motivo de los incendios ocurridos en la zona en las \u00faltimas horas y las consecuencias devastadoras generadas\u00bb. El gobernador de Chubut, Mariano Arcioni, declar\u00f3 el \u201cestado de desastre \u00edgneo en la comarca andina\u00bb a [&hellip;]<\/p>\n","protected":false},"author":3,"featured_media":74000,"comment_status":"closed","ping_status":"closed","sticky":false,"template":"","format":"standard","meta":{"footnotes":""},"categories":[4],"tags":[],"class_list":{"0":"post-73998","1":"post","2":"type-post","3":"status-publish","4":"format-standard","5":"has-post-thumbnail","7":"category-actualidad"},"_links":{"self":[{"href":"https:\/\/primicias2262.com\/noticias\/wp-json\/wp\/v2\/posts\/73998","targetHints":{"allow":["GET"]}}],"collection":[{"href":"https:\/\/primicias2262.com\/noticias\/wp-json\/wp\/v2\/posts"}],"about":[{"href":"https:\/\/primicias2262.com\/noticias\/wp-json\/wp\/v2\/types\/post"}],"author":[{"embeddable":true,"href":"https:\/\/primicias2262.com\/noticias\/wp-json\/wp\/v2\/users\/3"}],"replies":[{"embeddable":true,"href":"https:\/\/primicias2262.com\/noticias\/wp-json\/wp\/v2\/comments?post=73998"}],"version-history":[{"count":0,"href":"https:\/\/primicias2262.com\/noticias\/wp-json\/wp\/v2\/posts\/73998\/revisions"}],"wp:featuredmedia":[{"embeddable":true,"href":"https:\/\/primicias2262.com\/noticias\/wp-json\/"}],"wp:attachment":[{"href":"https:\/\/primicias2262.com\/noticias\/wp-json\/wp\/v2\/media?parent=73998"}],"wp:term":[{"taxonomy":"category","embeddable":true,"href":"https:\/\/primicias2262.com\/noticias\/wp-json\/wp\/v2\/categories?post=73998"},{"taxonomy":"post_tag","embeddable":true,"href":"https:\/\/primicias2262.com\/noticias\/wp-json\/wp\/v2\/tags?post=73998"}],"curies":[{"name":"wp","href":"https:\/\/api.w.org\/{rel}","templated":true}]}}