{"id":74002,"date":"2021-03-11T09:27:19","date_gmt":"2021-03-11T12:27:19","guid":{"rendered":"https:\/\/primicias2262.com\/?p=74002"},"modified":"2021-03-11T09:27:19","modified_gmt":"2021-03-11T12:27:19","slug":"hospitales-colapsados-y-nuevo-record-de-muertes-en-brasil","status":"publish","type":"post","link":"https:\/\/primicias2262.com\/noticias\/hospitales-colapsados-y-nuevo-record-de-muertes-en-brasil\/","title":{"rendered":"Hospitales colapsados y nuevo r\u00e9cord de muertes en Brasil"},"content":{"rendered":"<p>El colapso afecta principalmente a los estados del sur\u00a0por falta de camas de terapia intensiva. El Gobierno central de Jair Bolsonaro advirti\u00f3 a China para que le venda 30 millones de dosis de la fabricada por Sinopharm.<\/p>\n<p>Brasil bati\u00f3 este mi\u00e9rcoles su r\u00e9cord de muertes diarias por coronavirus por segundo d\u00eda consecutivo y tercera vez en una semana, mientras profundiz\u00f3 el colapso de su sistema hospitalario con casi todos los estados en situaci\u00f3n de calamidad por falta de camas de terapia intensiva.<\/p>\n<p>Paralelamente, el gobierno del presidente Jair Bolsonaro advirti\u00f3 sobre la falta de vacunas en una carta de urgencia a China para que le venda 30 millones de dosis de la fabricada por Sinopharm y los gobernadores de 21 de los 27 estados reclamaron un pacto para coordinar la lucha contra la pandemia.<\/p>\n<p><strong>El colapso afecta principalmente a los estados del sur\u00a0<\/strong>-los tres que limitan con las provincias de Misiones y Corrientes-,\u00a0<strong>Paran\u00e1, Santa Catarina y Rio Grande do Sul<\/strong>, cuya poblaci\u00f3n identificada con el bolsonarismo se neg\u00f3 a adherir masivamente a las cuarentenas pero ahora, con bloqueos de circulaci\u00f3n,\u00a0<strong>no puede detener los contagios y la suba en las internaciones.<\/strong><\/p>\n<div class=\"auth\">La situaci\u00f3n en San Pablo<\/div>\n<p><strong>San Pablo, el estado m\u00e1s afectado del pa\u00eds y el m\u00e1s poblado<\/strong>, con 46 millones de habitantes,\u00a0<strong>tiene en 13 municipios del Gran San Pablo todo su sistema colapsado<\/strong>\u00a0y, en general,\u00a0<strong>una ocupaci\u00f3n de las camas de terapia intensiva superior al 80%, incluso con la cuarentena iniciada el pasado viernes.<\/strong><\/p>\n<p>\u00abHoy tendremos probablemente 2.000 muertos en un d\u00eda. Necesitamos una coordinaci\u00f3n nacional. Si el Gobierno nacional no asume, que lo haga el Congreso\u00bb, pidi\u00f3 el exviceministro de Salud de Bolsonaro Joao Gabbardo, actual coordinador del comit\u00e9 de Covid-19 del gobernador paulista, Joao Doria.<\/p>\n<p>Efectivamente, Brasil registr\u00f3 este mi\u00e9rcoles 2.286 muertos por Covid-19 en las \u00faltimas 24 horas, con lo que super\u00f3 por primera vez la barrera de los 2.000 y rompi\u00f3 su r\u00e9cord por segundo d\u00eda consecutivo (1.972 el martes) y tercera vez en una semana (1.910 el mi\u00e9rcoles pasado), report\u00f3 el mi\u00e9rcoles por la tarde el Ministerio de Salud.<\/p>\n<p>Se esperaba que el Gobierno paulista endureciera las medidas, pero solo anunci\u00f3 que manten\u00eda la fase roja, que implica que solo pueden funcionar los servicios esenciales, en un estado en el que, seg\u00fan el diario Globo, 30 personas murieron esperando camas de terapia intensiva.<\/p>\n<p><strong>El Gobierno estadual adelant\u00f3 adem\u00e1s que habr\u00e1 338 camas m\u00e1s para pacientes de Covid y un nuevo hospital en la capital de San Pablo, y<\/strong>\u00a0fech\u00f3 para el 22 de este mes el inicio de la vacunaci\u00f3n a mayores de 72 a\u00f1os, que se har\u00e1 en centros de salud y estaciones de servicio.<strong>\u00a0El lunes comienza la inmunizaci\u00f3n de los ancianos de 75 y 76 a\u00f1os.<\/strong><\/p>\n<div class=\"auth\">R\u00edo de Janeiro<\/div>\n<p>En Rio de Janeiro, la segunda ciudad m\u00e1s grande del pa\u00eds, en tanto, el secretario de Salud del estado, Carlos Alberto Chaves, afirm\u00f3 que el Gobierno analiza\u00a0<strong>frenar el ingreso de turistas para contener la Covid-19,<\/strong>\u00a0a partir de un estudio de indicadores de ac\u00e1 al viernes.<\/p>\n<p>\u00abVeo las playas llenas de turistas. \u00bfEs hora de turismo aqu\u00ed? \u00bfEs hora de samba en la playa? No lo creo. Estamos hablando con la Vigilancia Epidemiol\u00f3gica sobre esto. Hay varios puestos para colocar, unos m\u00e1s dr\u00e1sticos, otros m\u00e1s ligeros\u00bb, advirti\u00f3 el funcionario.<\/p>\n<p><strong>Las cifras de este mi\u00e9rcoles marcan que el 95% de las camas de terapia intensiva de la red del Sistema \u00danico de Salud est\u00e1n ocupadas y el 6% de los residentes de la ciudad de R\u00edo ya fueron vacunados.<\/strong><\/p>\n<p>En una conferencia de prensa en la sede de la secretar\u00eda, Chaves asegur\u00f3 que no abrir\u00e1 hospitales de campa\u00f1a: \u00abNo vamos a poner a un paciente en un contenedor ni a reabrir un hospital de campa\u00f1a. Punto. No quiero ser el quinto o sexto secretario de salud en la c\u00e1rcel\u00bb, afirm\u00f3.<\/p>\n<p><strong>Un informe del laboratorio federal Fiocruz\u00a0<\/strong>difundido este martes, cuando se bati\u00f3\u00a0<strong>el r\u00e9cord de 1.972 muertos en un d\u00eda,\u00a0<\/strong>sobre todo por el efecto de la variante P1 surgida en noviembre en el estado de Manaos, capital colapsada del estado de Amazonas, revel\u00f3 que con el pasar de los d\u00edas se profundiza el caos hospitalario.<\/p>\n<p>Seg\u00fan Fiocruz,\u00a0<strong>25 de las 27 capitales tienen el 80% de ocupaci\u00f3n hospitalaria, mientras que 15 capitales tienen m\u00e1s del 90%.<\/strong><\/p>\n<p><strong>Todos los estados tienen municipios con filas de internaci\u00f3n en terapia intensiva, en medio de cuarentenas y toques de queda nocturno.<\/strong><\/p>\n<div class=\"auth\">El plan de vacunaci\u00f3n<\/div>\n<p>En ese marco, con\u00a0<strong>10 millones de vacunas aplicadas y unas 30 millones a la espera de ser inyectadas en marzo,<\/strong>\u00a0el Ministerio de Salud envi\u00f3 una carta a la embajada china en Brasilia con la intenci\u00f3n de adquirir 30 millones de dosis de Sinopharm.<\/p>\n<p>El Gobierno firm\u00f3 un acuerdo de intenciones con Pfizer y Janssen y hasta el momento se encuentra aplicando las vacunas CoronaVac, del laboratorio chino Sinovac, y la anglo-sueca AstraZeneca-Oxford.<\/p>\n<p><strong>Seg\u00fan el estudio Our World in Data, de la Universidad de Oxford, Brasil super\u00f3 en muertes la \u00faltima semana a Estados Unidos &#8211;<\/strong>aunque en n\u00fameros absolutos a\u00fan sigue segundo, muy lejos- y estar\u00eda convirti\u00e9ndose en el epicentro mundial de la pandemia.\u00a0<strong>El pa\u00eds acumula 268.370 fallecidos, con 11,1 millones de casos.<\/strong><\/p>\n<div class=\"auth\">La propuesta de los gobernadores<\/div>\n<p>Ante ese cuadro,\u00a0<strong>gobernadores de 21 estados presentaron una propuesta de Pacto Nacional por la Vida y la Salud<\/strong>, en el que propician un\u00a0<strong>acuerdo amplio entre las tres poderes del pa\u00eds \u00abcon el objetivo de fortalecer la lucha contra la pandemia de coronavirus\u00bb.<\/strong><\/p>\n<p>\u00abReafirmamos esta propuesta, que se ha vuelto a\u00fan m\u00e1s urgente por el empeoramiento de la situaci\u00f3n de salud, con terribles p\u00e9rdidas de vidas, adem\u00e1s de da\u00f1os econ\u00f3micos y sociales. El coronavirus es hoy el mayor adversario de nuestra naci\u00f3n\u00bb, subrayaron los gobernadores, seg\u00fan la carta publicada por Agencia Brasil.<\/p>\n<p>Con la intenci\u00f3n de \u00abevitar el colapso total de los sistemas hospitalarios en todo Brasil y mejorar la lucha contra la pandemia\u00bb, los mandatarios reclamaron una coordinaci\u00f3n nacional alrededor de tres puntos: ampliar la vacunaci\u00f3n con pluralidad de proveedores, m\u00e1s compras y solidaridad internacional; apoyar las medidas preventivas fundamentales para contener el virus, y ampliar las camas hospitalarias.<\/p>\n<p>La idea de un Pacto Nacional por la Vida y la Salud est\u00e1 firmado por los gobernadores de Maranhao, Par\u00e1, Esp\u00edrito Santo, Cear\u00e1, Tocantins, San Pablo, Pernambuco, Alagoas, Sergipe, Rio Grande do Sul, Piau\u00ed, Rio Grande do Norte, Bah\u00eda, Para\u00edba, Mato Grosso, Mato Grosso do Sul, Goi\u00e1s, Acre, Minas Gerais, Distrito Federal y Roraima.<\/p>\n","protected":false},"excerpt":{"rendered":"<p>El colapso afecta principalmente a los estados del sur\u00a0por falta de camas de terapia intensiva. El Gobierno central de Jair Bolsonaro advirti\u00f3 a China para que le venda 30 millones de dosis de la fabricada por Sinopharm. Brasil bati\u00f3 este mi\u00e9rcoles su r\u00e9cord de muertes diarias por coronavirus por segundo d\u00eda consecutivo y tercera vez [&hellip;]<\/p>\n","protected":false},"author":3,"featured_media":74003,"comment_status":"closed","ping_status":"closed","sticky":false,"template":"","format":"standard","meta":{"footnotes":""},"categories":[4],"tags":[],"class_list":{"0":"post-74002","1":"post","2":"type-post","3":"status-publish","4":"format-standard","5":"has-post-thumbnail","7":"category-actualidad"},"_links":{"self":[{"href":"https:\/\/primicias2262.com\/noticias\/wp-json\/wp\/v2\/posts\/74002","targetHints":{"allow":["GET"]}}],"collection":[{"href":"https:\/\/primicias2262.com\/noticias\/wp-json\/wp\/v2\/posts"}],"about":[{"href":"https:\/\/primicias2262.com\/noticias\/wp-json\/wp\/v2\/types\/post"}],"author":[{"embeddable":true,"href":"https:\/\/primicias2262.com\/noticias\/wp-json\/wp\/v2\/users\/3"}],"replies":[{"embeddable":true,"href":"https:\/\/primicias2262.com\/noticias\/wp-json\/wp\/v2\/comments?post=74002"}],"version-history":[{"count":0,"href":"https:\/\/primicias2262.com\/noticias\/wp-json\/wp\/v2\/posts\/74002\/revisions"}],"wp:featuredmedia":[{"embeddable":true,"href":"https:\/\/primicias2262.com\/noticias\/wp-json\/"}],"wp:attachment":[{"href":"https:\/\/primicias2262.com\/noticias\/wp-json\/wp\/v2\/media?parent=74002"}],"wp:term":[{"taxonomy":"category","embeddable":true,"href":"https:\/\/primicias2262.com\/noticias\/wp-json\/wp\/v2\/categories?post=74002"},{"taxonomy":"post_tag","embeddable":true,"href":"https:\/\/primicias2262.com\/noticias\/wp-json\/wp\/v2\/tags?post=74002"}],"curies":[{"name":"wp","href":"https:\/\/api.w.org\/{rel}","templated":true}]}}