{"id":74008,"date":"2021-03-11T10:36:31","date_gmt":"2021-03-11T13:36:31","guid":{"rendered":"https:\/\/primicias2262.com\/?p=74008"},"modified":"2021-03-11T10:36:31","modified_gmt":"2021-03-11T13:36:31","slug":"el-concejo-de-necochea-pidio-por-la-reapertura-de-las-oficinas-comerciales-de-camuzzi-gas","status":"publish","type":"post","link":"https:\/\/primicias2262.com\/noticias\/el-concejo-de-necochea-pidio-por-la-reapertura-de-las-oficinas-comerciales-de-camuzzi-gas\/","title":{"rendered":"El Concejo de Necochea pidi\u00f3 por la reapertura de las oficinas comerciales de Camuzzi Gas"},"content":{"rendered":"<p><strong>Por Jorge G\u00f3mez<\/strong><\/p>\n<p>Lo manifest\u00f3 en la \u00faltima sesi\u00f3n ordinaria a trav\u00e9s de un proyecto de resoluci\u00f3n aprobado por unanimidad a instancias del bloque del Frente de Todos. Se argumenta que son muchos los usuarios que no poseen conectividad para realizar gestiones a trav\u00e9s de la oficina virtual y la atenci\u00f3n telef\u00f3nica, recordando adem\u00e1s que la mayor\u00eda de las instituciones dedicadas a la atenci\u00f3n al p\u00fablico y prestadoras de servicios hace meses han vuelto a abrir sus puertas y reanudado sus actividades, bajo estrictos protocolos vista la conocida pandemia<\/p>\n<p>\u201cEl Concejo Deliberante ver\u00eda con agrado que el Departamento Ejecutivo, a trav\u00e9s del \u00e1rea que corresponda, dispongan lo necesario para la reapertura de las oficinas comerciales de Camuzzi Gas Pampeana, sucursal Necochea\u201d, se\u00f1ala el \u00fanico art\u00edculo de la parte resolutiva de un proyecto de resoluci\u00f3n que fue aprobado por el HCD local en la \u00faltima sesi\u00f3n ordinaria, a instancias del bloque del Frente de Todos.<\/p>\n<p>Fundamentado en la sala de sesiones por el edil de este espacio y titular del SUTERYH, Jorge I\u00e1cono, el expediente da cuenta que la prestataria de este servicio p\u00fablico cerr\u00f3 el a\u00f1o 2020 sus oficinas comerciales, ubicadas en calle 72 entre 65 y 67, debido a la presencia de la conocida pandemia de Covid-19.<\/p>\n<p><img loading=\"lazy\" decoding=\"async\" class=\"aligncenter size-full wp-image-74009\" src=\"https:\/\/primicias2262.com\/wp-content\/uploads\/2021\/03\/camuzzi-cerrado-1.jpg\" alt=\"\" width=\"1280\" height=\"720\" \/><\/p>\n<p>Y que debido a este suceso sanitario se recomend\u00f3 que los usuarios se lleven a cabo tramitaciones relativas a dicho servicio a trav\u00e9s de su oficina virtual y el canal de atenci\u00f3n telef\u00f3nica, pese a lo cual, expresa el texto de la norma en cuesti\u00f3n, \u201cesta nueva modalidad en la atenci\u00f3n ha generado conflictos (entre los clientes de la firma privada, concesionaria) ya que no disponen de los equipamientos y conocimientos necesarios para realizar dichas gestiones\u201d<\/p>\n<p>Se resalta tambi\u00e9n que \u201calgunas familias no disponen de computadoras ni equipos con conexi\u00f3n a internet, result\u00e1ndoles imposible realizar tales gestiones\u201d, y se puntualiza que \u201cla mayor\u00eda de las instituciones dedicadas a la atenci\u00f3n al p\u00fablico y prestadoras de servicios, hace ya varios meses han vuelto a abrir sus puertas y reanudado sus actividades bajo estrictos protocolos sanitarios y de emergencia que deben tener estas instituciones\u201d.<\/p>\n<p>El texto completo del proyecto aprobado por el Deliberante local se\u00f1ala lo siguiente:<\/p>\n<p>Visto:<\/p>\n<p>Que, durante el a\u00f1o 2020 la empresa Camuzzi Gas Pampeana, debido a la creciente expansi\u00f3n del Coronavirus (Covid-19) en nuestro pa\u00eds y con el fin de mitigar el riesgo de contagio asociado a la concentraci\u00f3n de gente en espacios reducidos, cerr\u00f3 las puertas de sus oficinas comerciales, y<\/p>\n<p>Considerando:<\/p>\n<p>Que, ante tal situaci\u00f3n, la firma recomend\u00f3 llevar a cabo las gestiones necesarias, a trav\u00e9s de su Oficina Virtual y el canal de atenci\u00f3n telef\u00f3nica;<\/p>\n<p>Que, seg\u00fan los reclamos de varios vecinos de nuestra ciudad, principalmente de los adultos mayores, esta nueva modalidad en la atenci\u00f3n ha generado conflictos ya que no disponen de los equipamientos y conocimientos necesarios para realizar dichas gestiones;<\/p>\n<p>Que, algunas familias no disponen de computadoras ni equipos con conexi\u00f3n a internet, result\u00e1ndoles imposible realizar tales gestiones;<\/p>\n<p>Que, la mayor\u00eda de las instituciones dedicadas a la atenci\u00f3n al p\u00fablico y prestadoras de servicios, hace ya varios meses han vuelto a abrir sus puertas y reanudado sus actividades bajo estrictos protocolos sanitarios y de emergencia que deben tener estas instituciones;<\/p>\n<p>POR TODO ELLO EL INTERBLOQUE DE CONCEJALES DEL FRENTE DE TODOS, en uso de sus leg\u00edtimas facultades propone el siguiente<\/p>\n<p>Proyecto de Resoluci\u00f3n<\/p>\n<p>ARTICULO 1\u00ba:\u00a0 El Honorable Concejo Deliberante ver\u00eda con agrado que el Departamento Ejecutivo, a trav\u00e9s del \u00e1rea que corresponda, dispongan lo necesario para la reapertura de las oficinas comerciales de Camuzzi Gas Pampeana, sucursal Necochea.<\/p>\n<p>ARTICULO 2\u00ba: De forma.<\/p>\n","protected":false},"excerpt":{"rendered":"<p>Por Jorge G\u00f3mez Lo manifest\u00f3 en la \u00faltima sesi\u00f3n ordinaria a trav\u00e9s de un proyecto de resoluci\u00f3n aprobado por unanimidad a instancias del bloque del Frente de Todos. Se argumenta que son muchos los usuarios que no poseen conectividad para realizar gestiones a trav\u00e9s de la oficina virtual y la atenci\u00f3n telef\u00f3nica, recordando adem\u00e1s que [&hellip;]<\/p>\n","protected":false},"author":3,"featured_media":74010,"comment_status":"closed","ping_status":"closed","sticky":false,"template":"","format":"standard","meta":{"footnotes":""},"categories":[3],"tags":[],"class_list":{"0":"post-74008","1":"post","2":"type-post","3":"status-publish","4":"format-standard","5":"has-post-thumbnail","7":"category-masnoticias"},"_links":{"self":[{"href":"https:\/\/primicias2262.com\/noticias\/wp-json\/wp\/v2\/posts\/74008","targetHints":{"allow":["GET"]}}],"collection":[{"href":"https:\/\/primicias2262.com\/noticias\/wp-json\/wp\/v2\/posts"}],"about":[{"href":"https:\/\/primicias2262.com\/noticias\/wp-json\/wp\/v2\/types\/post"}],"author":[{"embeddable":true,"href":"https:\/\/primicias2262.com\/noticias\/wp-json\/wp\/v2\/users\/3"}],"replies":[{"embeddable":true,"href":"https:\/\/primicias2262.com\/noticias\/wp-json\/wp\/v2\/comments?post=74008"}],"version-history":[{"count":0,"href":"https:\/\/primicias2262.com\/noticias\/wp-json\/wp\/v2\/posts\/74008\/revisions"}],"wp:featuredmedia":[{"embeddable":true,"href":"https:\/\/primicias2262.com\/noticias\/wp-json\/"}],"wp:attachment":[{"href":"https:\/\/primicias2262.com\/noticias\/wp-json\/wp\/v2\/media?parent=74008"}],"wp:term":[{"taxonomy":"category","embeddable":true,"href":"https:\/\/primicias2262.com\/noticias\/wp-json\/wp\/v2\/categories?post=74008"},{"taxonomy":"post_tag","embeddable":true,"href":"https:\/\/primicias2262.com\/noticias\/wp-json\/wp\/v2\/tags?post=74008"}],"curies":[{"name":"wp","href":"https:\/\/api.w.org\/{rel}","templated":true}]}}