{"id":74012,"date":"2021-03-11T14:06:41","date_gmt":"2021-03-11T17:06:41","guid":{"rendered":"https:\/\/primicias2262.com\/?p=74012"},"modified":"2021-03-11T14:06:41","modified_gmt":"2021-03-11T17:06:41","slug":"a-partir-de-las-0-horas-de-este-viernes-aumenta-casi-un-2-el-impuesto-de-las-naftas","status":"publish","type":"post","link":"https:\/\/primicias2262.com\/noticias\/a-partir-de-las-0-horas-de-este-viernes-aumenta-casi-un-2-el-impuesto-de-las-naftas\/","title":{"rendered":"A partir de este viernes aumenta casi un 2% el impuesto de las naftas"},"content":{"rendered":"<p><strong>El nuevo aumento ya estaba programado y desde el Grupo Axion, Jos\u00e9 Luis Arrate detall\u00f3 los valores que pasar\u00e1n a pagarse en los surtidores. Adem\u00e1s, no descart\u00f3 un nuevo aumento sobre el b\u00e1sico de los precios para fin de marzo, lo que llevar\u00eda al litro de Premium a superar la barrera de los 100 pesos.<\/strong><\/p>\n<p>En comunicaci\u00f3n telef\u00f3nica con \u201cVoces de la Ciudad\u201d, y ante la solicitud del periodista Jorge G\u00f3mez, Jos\u00e9 Luis Arrate del Grupo Axion inform\u00f3 este jueves que \u201cse viene a partir de las 0 de ma\u00f1ana viernes el aumento de impuestos ya programado en combustibles, que va a rondar en un 2%.<\/p>\n<p>En cuanto a lo que se pagar\u00e1 en los surtidores, Arrata inform\u00f3 que \u201cla Premium hoy est\u00e1 en 95 y se va casi a 97. La s\u00faper vale 85 y se va a ir a 87, el euro diesel va a estar en los 94, estaba en 91,90; y el gas oil que est\u00e1 en los 77 va a estar en 79\u201d, y aclar\u00f3 que \u201cempieza a regir para todos igual, al ser en impuestos es autom\u00e1tico para todos en general\u201d.<\/p>\n<p>El empresario apunt\u00f3 que \u201cya se ha dado seis veces el aumento en goteo, y seg\u00fan las compa\u00f1\u00edas petroleras dicen que les falta un 15% en precios b\u00e1sicos, no en impuestos, con lo cual llegar\u00eda a un d\u00f3lar de cambio oficial, que fue hist\u00f3ricamente lo que valen los combustibles, y hoy est\u00e1n retrasados\u201d.<\/p>\n<p>Por consiguiente, \u201cel litro de premium ser\u00eda de 112 pesos si se traslada ese 15%, la nafta s\u00faper tendr\u00eda que valer 95 pesos y as\u00ed el resto para estar en el hist\u00f3rico del d\u00f3lar. De hecho, las petroleras han preparado c\u00f3mo cambiar los surtidores, y el valor de los precios b\u00e1sicos se volver\u00eda a retocar a fin de marzo\u201d, concluy\u00f3.<\/p>\n","protected":false},"excerpt":{"rendered":"<p>El nuevo aumento ya estaba programado y desde el Grupo Axion, Jos\u00e9 Luis Arrate detall\u00f3 los valores que pasar\u00e1n a pagarse en los surtidores. Adem\u00e1s, no descart\u00f3 un nuevo aumento sobre el b\u00e1sico de los precios para fin de marzo, lo que llevar\u00eda al litro de Premium a superar la barrera de los 100 pesos. [&hellip;]<\/p>\n","protected":false},"author":3,"featured_media":72782,"comment_status":"closed","ping_status":"closed","sticky":false,"template":"","format":"standard","meta":{"footnotes":""},"categories":[3],"tags":[],"class_list":{"0":"post-74012","1":"post","2":"type-post","3":"status-publish","4":"format-standard","5":"has-post-thumbnail","7":"category-masnoticias"},"_links":{"self":[{"href":"https:\/\/primicias2262.com\/noticias\/wp-json\/wp\/v2\/posts\/74012","targetHints":{"allow":["GET"]}}],"collection":[{"href":"https:\/\/primicias2262.com\/noticias\/wp-json\/wp\/v2\/posts"}],"about":[{"href":"https:\/\/primicias2262.com\/noticias\/wp-json\/wp\/v2\/types\/post"}],"author":[{"embeddable":true,"href":"https:\/\/primicias2262.com\/noticias\/wp-json\/wp\/v2\/users\/3"}],"replies":[{"embeddable":true,"href":"https:\/\/primicias2262.com\/noticias\/wp-json\/wp\/v2\/comments?post=74012"}],"version-history":[{"count":0,"href":"https:\/\/primicias2262.com\/noticias\/wp-json\/wp\/v2\/posts\/74012\/revisions"}],"wp:featuredmedia":[{"embeddable":true,"href":"https:\/\/primicias2262.com\/noticias\/wp-json\/"}],"wp:attachment":[{"href":"https:\/\/primicias2262.com\/noticias\/wp-json\/wp\/v2\/media?parent=74012"}],"wp:term":[{"taxonomy":"category","embeddable":true,"href":"https:\/\/primicias2262.com\/noticias\/wp-json\/wp\/v2\/categories?post=74012"},{"taxonomy":"post_tag","embeddable":true,"href":"https:\/\/primicias2262.com\/noticias\/wp-json\/wp\/v2\/tags?post=74012"}],"curies":[{"name":"wp","href":"https:\/\/api.w.org\/{rel}","templated":true}]}}