{"id":74017,"date":"2021-03-11T16:21:15","date_gmt":"2021-03-11T19:21:15","guid":{"rendered":"https:\/\/primicias2262.com\/?p=74017"},"modified":"2021-03-11T16:21:15","modified_gmt":"2021-03-11T19:21:15","slug":"se-estreno-el-hospital-modular-con-vacunacion-y-en-aceiteros-el-operativo-se-desarrolla-con-exito","status":"publish","type":"post","link":"https:\/\/primicias2262.com\/noticias\/se-estreno-el-hospital-modular-con-vacunacion-y-en-aceiteros-el-operativo-se-desarrolla-con-exito\/","title":{"rendered":"Se estren\u00f3 el hospital modular con vacunaci\u00f3n y en Aceiteros el operativo se desarrolla con \u00e9xito"},"content":{"rendered":"<p><strong>Un sector de la Unidad de Refuerzo Sanitario construida en el predio del Hospital Municipal, fue estrenado este jueves con la aplicaci\u00f3n de vacunas contra el Covid-19, al tiempo que en Aceiteros se vacuna desde hace una semana y medio con un buen balance parcial.<\/strong><\/p>\n<p>En el caso del hospital modular, se trata de la segunda dosis, que se aplica a personas de mayores de 60 a\u00f1os que ya fueron vacunadas en la Escuela N\u00ba 25 de Quequ\u00e9n.<\/p>\n<p>Adriana Turiaci, coordinadora general del plan de vacunaci\u00f3n contra el coronavirus en el distrito de Necochea, precis\u00f3 que se eligi\u00f3 este lugar porque para acceder a la Escuela de Enfermer\u00eda, donde se ya se hicieron aplicaciones, hay que hacerlo por una escalera muy elevada, siendo dificultoso, en muchos casos, para personas mayores.<\/p>\n<p>En di\u00e1logo con el periodista Jorge Gomez, en el programa \u201cVoces de la ciudad\u201d, que se emite por FM Vinilo, 103.5 del dial, la coordinadora reiter\u00f3 que, en todos los casos, hay que tener turno asignado para poder vacunarse. Tras indicar que en algunos casos llega con retraso el aviso por mail, sugiri\u00f3 la utilizaci\u00f3n de la aplicaci\u00f3n para poder consultar a trav\u00e9s del tel\u00e9fono celular.<\/p>\n<p><img loading=\"lazy\" decoding=\"async\" class=\"aligncenter size-full wp-image-74019\" src=\"https:\/\/primicias2262.com\/wp-content\/uploads\/2021\/03\/vac2.jpg\" alt=\"\" width=\"1280\" height=\"853\" \/><\/p>\n<p>Desde las 8.30 de este jueves se inici\u00f3 la tarea de vacunaci\u00f3n a personas mayores de 60 a\u00f1os que se aplicaron la primera dosis en la Escuela N\u00ba 25 el d\u00eda 18 de febrero. Este viernes ser\u00e1 el turno de quienes se vacunaron por primera vez el d\u00eda 19. Y el s\u00e1bado les corresponder\u00e1 a los que recibieron la primera dosis el d\u00eda 20.<\/p>\n<p>Turiaci precis\u00f3 que se aplican unas 150 dosis por d\u00eda, en el caso de este segundo componente. Adem\u00e1s,\u00a0estim\u00f3 que desde que se comenz\u00f3 con el operativo de vacunaci\u00f3n en el distrito se han aplicado unas 2100 dosis en el gremio de aceiteros y unas 1500 en el Hospital Ferreyra, a las que deben sumarse las que se dieron en OSDOP. Esto hace que, en total, se han aplicado unas 4000 dosis hasta ahora en el distrito de Necochea.<\/p>\n<p>Por otra parte, contin\u00faa la tarea de vacunaci\u00f3n en el Sindicato de Aceiteros, ubicado en la calle 548 N\u00ba 954 de Quequ\u00e9n, en este caso la primera dosis. All\u00ed, el coordinador de los operativos de vacunaci\u00f3n, Sergio Di Benedetto, se\u00f1al\u00f3 que el desarrollo \u201cse viene dando muy bien, estamos vacunando hace algo m\u00e1s de una semana con la vacuna china Sinopharm. Hay 400 turnos por d\u00eda y estamos vacunando a menores de 60 a\u00f1os, ya que todav\u00eda no est\u00e1 permitida la vacuna a mayores en esta sede\u201d.<\/p>\n<p><img loading=\"lazy\" decoding=\"async\" class=\"aligncenter size-full wp-image-74020\" src=\"https:\/\/primicias2262.com\/wp-content\/uploads\/2021\/03\/vac3.jpg\" alt=\"\" width=\"1280\" height=\"853\" \/><\/p>\n<p>El coordinador en Aceiteros destac\u00f3 que \u201carticulamos con el municipio y con el Ministerio de Salud de Provincia, y estamos llevando adelante la vacunaci\u00f3n con bastante \u00e9xito\u201d.<\/p>\n<p>En ese sentido, puntualiz\u00f3 que \u201cla gente se va muy contenta, y generalmente los docentes se van muy agradecidos dado el comienzo de clases. Esta vacuna fue destinada fundamentalmente a ellos y por eso el agradecimiento de su parte\u201d.<\/p>\n<p>Tanto en el hospital modular como en Aceiteros, estuvo este jueves el intendente municipal, Arturo Rojas, junto con la secretaria de Salud, Ruth Kalle, a fin de recorrer los operativos de vacunaci\u00f3n anti Covid-19.<\/p>\n<p><iframe loading=\"lazy\" title=\"Avanza la campa\u00f1a de vacunaci\u00f3n contra el COVID-19 en Necochea y Quequ\u00e9n\" width=\"696\" height=\"392\" src=\"https:\/\/www.youtube.com\/embed\/vMorZqsVrIQ?feature=oembed\" frameborder=\"0\" allow=\"accelerometer; autoplay; clipboard-write; encrypted-media; gyroscope; picture-in-picture\" allowfullscreen><\/iframe><\/p>\n<p>En tanto, se sigue vacunando a los afiliados de IOMA en la sede de la obra social de SADOP, en la calle 62 N\u00ba 3285, entre 65 y 67.<\/p>\n<p><strong>Con datos de elciudadano.com.ar<\/strong><\/p>\n","protected":false},"excerpt":{"rendered":"<p>Un sector de la Unidad de Refuerzo Sanitario construida en el predio del Hospital Municipal, fue estrenado este jueves con la aplicaci\u00f3n de vacunas contra el Covid-19, al tiempo que en Aceiteros se vacuna desde hace una semana y medio con un buen balance parcial. En el caso del hospital modular, se trata de la [&hellip;]<\/p>\n","protected":false},"author":3,"featured_media":74018,"comment_status":"closed","ping_status":"closed","sticky":false,"template":"","format":"standard","meta":{"footnotes":""},"categories":[3],"tags":[],"class_list":{"0":"post-74017","1":"post","2":"type-post","3":"status-publish","4":"format-standard","5":"has-post-thumbnail","7":"category-masnoticias"},"_links":{"self":[{"href":"https:\/\/primicias2262.com\/noticias\/wp-json\/wp\/v2\/posts\/74017","targetHints":{"allow":["GET"]}}],"collection":[{"href":"https:\/\/primicias2262.com\/noticias\/wp-json\/wp\/v2\/posts"}],"about":[{"href":"https:\/\/primicias2262.com\/noticias\/wp-json\/wp\/v2\/types\/post"}],"author":[{"embeddable":true,"href":"https:\/\/primicias2262.com\/noticias\/wp-json\/wp\/v2\/users\/3"}],"replies":[{"embeddable":true,"href":"https:\/\/primicias2262.com\/noticias\/wp-json\/wp\/v2\/comments?post=74017"}],"version-history":[{"count":0,"href":"https:\/\/primicias2262.com\/noticias\/wp-json\/wp\/v2\/posts\/74017\/revisions"}],"wp:featuredmedia":[{"embeddable":true,"href":"https:\/\/primicias2262.com\/noticias\/wp-json\/"}],"wp:attachment":[{"href":"https:\/\/primicias2262.com\/noticias\/wp-json\/wp\/v2\/media?parent=74017"}],"wp:term":[{"taxonomy":"category","embeddable":true,"href":"https:\/\/primicias2262.com\/noticias\/wp-json\/wp\/v2\/categories?post=74017"},{"taxonomy":"post_tag","embeddable":true,"href":"https:\/\/primicias2262.com\/noticias\/wp-json\/wp\/v2\/tags?post=74017"}],"curies":[{"name":"wp","href":"https:\/\/api.w.org\/{rel}","templated":true}]}}