{"id":74022,"date":"2021-03-11T16:30:26","date_gmt":"2021-03-11T19:30:26","guid":{"rendered":"https:\/\/primicias2262.com\/?p=74022"},"modified":"2021-03-11T16:30:26","modified_gmt":"2021-03-11T19:30:26","slug":"se-registraron-otras-dos-muertes-por-covid-en-las-ultimas-48-horas-en-el-distrito","status":"publish","type":"post","link":"https:\/\/primicias2262.com\/noticias\/se-registraron-otras-dos-muertes-por-covid-en-las-ultimas-48-horas-en-el-distrito\/","title":{"rendered":"Se registraron otras dos muertes por Covid en las \u00faltimas 48 horas en el distrito"},"content":{"rendered":"<p><strong>Tanto en el informe del mi\u00e9rcoles como en el de este jueves, la Secretar\u00eda de Salud report\u00f3 otros dos fallecimientos a causa del coronavirus, uno por cada d\u00eda. Por lo tanto, la cifra actual de muertes por la pandemia en nuestro distrito es de 58 personas.<\/strong><\/p>\n<p>Pero adem\u00e1s, la curva de contagios sigue mostrando un alza respecto a semanas anteriores, cuando los casos hab\u00edan bajado la barrera de los 200. Este jueves se inform\u00f3 acerca de 25 nuevos casos positivos, al tiempo que 72 dieron resultado negativo y se le dio el alta a 20 pacientes. As\u00ed las cosas, los casos activos actualmente pasaron de 217 a 221, perteneciendo todos al n\u00facleo Necochea-Quequ\u00e9n y estando 9 de ellos internados en el Sector Covid.<\/p>\n<p><img loading=\"lazy\" decoding=\"async\" class=\"aligncenter size-full wp-image-74023\" src=\"https:\/\/primicias2262.com\/wp-content\/uploads\/2021\/03\/11-03-PLACA-Covid.jpeg\" alt=\"\" width=\"1280\" height=\"819\" \/><\/p>\n","protected":false},"excerpt":{"rendered":"<p>Tanto en el informe del mi\u00e9rcoles como en el de este jueves, la Secretar\u00eda de Salud report\u00f3 otros dos fallecimientos a causa del coronavirus, uno por cada d\u00eda. Por lo tanto, la cifra actual de muertes por la pandemia en nuestro distrito es de 58 personas. Pero adem\u00e1s, la curva de contagios sigue mostrando un [&hellip;]<\/p>\n","protected":false},"author":3,"featured_media":72206,"comment_status":"closed","ping_status":"closed","sticky":false,"template":"","format":"standard","meta":{"footnotes":""},"categories":[3],"tags":[],"class_list":{"0":"post-74022","1":"post","2":"type-post","3":"status-publish","4":"format-standard","5":"has-post-thumbnail","7":"category-masnoticias"},"_links":{"self":[{"href":"https:\/\/primicias2262.com\/noticias\/wp-json\/wp\/v2\/posts\/74022","targetHints":{"allow":["GET"]}}],"collection":[{"href":"https:\/\/primicias2262.com\/noticias\/wp-json\/wp\/v2\/posts"}],"about":[{"href":"https:\/\/primicias2262.com\/noticias\/wp-json\/wp\/v2\/types\/post"}],"author":[{"embeddable":true,"href":"https:\/\/primicias2262.com\/noticias\/wp-json\/wp\/v2\/users\/3"}],"replies":[{"embeddable":true,"href":"https:\/\/primicias2262.com\/noticias\/wp-json\/wp\/v2\/comments?post=74022"}],"version-history":[{"count":0,"href":"https:\/\/primicias2262.com\/noticias\/wp-json\/wp\/v2\/posts\/74022\/revisions"}],"wp:featuredmedia":[{"embeddable":true,"href":"https:\/\/primicias2262.com\/noticias\/wp-json\/"}],"wp:attachment":[{"href":"https:\/\/primicias2262.com\/noticias\/wp-json\/wp\/v2\/media?parent=74022"}],"wp:term":[{"taxonomy":"category","embeddable":true,"href":"https:\/\/primicias2262.com\/noticias\/wp-json\/wp\/v2\/categories?post=74022"},{"taxonomy":"post_tag","embeddable":true,"href":"https:\/\/primicias2262.com\/noticias\/wp-json\/wp\/v2\/tags?post=74022"}],"curies":[{"name":"wp","href":"https:\/\/api.w.org\/{rel}","templated":true}]}}