{"id":74037,"date":"2021-03-13T13:27:03","date_gmt":"2021-03-13T16:27:03","guid":{"rendered":"https:\/\/primicias2262.com\/?p=74037"},"modified":"2021-03-13T13:27:03","modified_gmt":"2021-03-13T16:27:03","slug":"haran-cumplir-el-estacionamiento-a-45-grados-en-calles-56-y-60-entre-57-y-59","status":"publish","type":"post","link":"https:\/\/primicias2262.com\/noticias\/haran-cumplir-el-estacionamiento-a-45-grados-en-calles-56-y-60-entre-57-y-59\/","title":{"rendered":"Har\u00e1n cumplir el estacionamiento a 45 grados en calles 56 y 60, entre 57 y 59"},"content":{"rendered":"<p><strong>A ello se refiri\u00f3 Mariano Pi\u00f1eyro, de la Direcci\u00f3n de Tr\u00e1nsito, mediante una nota realizada por el periodista Jorge G\u00f3mez en \u201cVoces de la Ciudad\u201d, programa que se emite por FM Vinilo, 103.5 del dial.<\/strong><\/p>\n<p>Acerca del estacionamiento a 45 grados, aclar\u00f3 en primer t\u00e9rmino que \u201clo que regula esto es el art\u00edculo 10 de la Ordenanza 6269\/08, que es la reglamentaci\u00f3n macro de lo que es la circulaci\u00f3n del tr\u00e1nsito y estacionamiento de veh\u00edculos y \u00a0bicicletas en Necochea y Quequ\u00e9n\u201d.<\/p>\n<p>En funci\u00f3n de ello, es que se\u00f1al\u00f3 que \u201cel art\u00edculo 10 dice puntualmente que lo que ser\u00eda el per\u00edmetro de la Plaza Dardo Rocha hay que estacionar a 45 grados y a partir de ayer, por el ordenamiento del tr\u00e1nsito y la intensidad en el centro por el inicio de clases, lo que hicimos fue enviar dos personas temporarias que con el apoyo de los inspectores, para que le comuniquen a la gente que va llegando que estacionen en 45 grados\u201d.<\/p>\n<p><strong>Esto \u00faltimo, seg\u00fan puntualiz\u00f3 Pi\u00f1eyro, debe cumplirse tambi\u00e9n en dos sectores puntuales como son la calle 56 entre 57 y 59, y en 60 entre 57 y 59, <\/strong>ya que \u201cen el resto de los puntos del per\u00edmetro de la Plaza est\u00e1n estacionando de forma correcta\u201d.<\/p>\n<p>\u201cEs una cuesti\u00f3n de acostumbrarse tambi\u00e9n, hay d\u00edas que los primeros tres autos que llegan estacionan en 45 grados y el resto de los que van llegando tambi\u00e9n lo hacen as\u00ed. Se estaciona as\u00ed para tener una mayor capacidad de estacionamiento\u201d, acot\u00f3.<\/p>\n<p>Incluso, se\u00f1al\u00f3 que \u201cotra cosa a tener en cuenta y que antes no estaba, es que con la implementaci\u00f3n del Estacionamiento Medido muchos de los comerciantes que antes estacionaban en las puertas de sus locales o cerca, tambi\u00e9n se acercan en forma cotidiana a estacionar en estas zonas que estamos marcando, ya que ah\u00ed no rige el SEM\u201d.<\/p>\n<p>Por otra parte, y de cara a la posibilidad de volver a cerrar el tr\u00e1nsito en las calles de la Plaza Dardo Rocha en Semana Santa, Pi\u00f1eyro destac\u00f3 que \u201cse est\u00e1 evaluando y s\u00e9 que ha tenido muy buena repercusi\u00f3n la prueba piloto que han hecho durante el Festival Infantil porque las familias pueden ir con sus hijos a pasar el d\u00eda muy c\u00f3modos, sabiendo que no hay riesgos\u201d.<\/p>\n","protected":false},"excerpt":{"rendered":"<p>A ello se refiri\u00f3 Mariano Pi\u00f1eyro, de la Direcci\u00f3n de Tr\u00e1nsito, mediante una nota realizada por el periodista Jorge G\u00f3mez en \u201cVoces de la Ciudad\u201d, programa que se emite por FM Vinilo, 103.5 del dial. Acerca del estacionamiento a 45 grados, aclar\u00f3 en primer t\u00e9rmino que \u201clo que regula esto es el art\u00edculo 10 de [&hellip;]<\/p>\n","protected":false},"author":3,"featured_media":74074,"comment_status":"closed","ping_status":"closed","sticky":false,"template":"","format":"standard","meta":{"footnotes":""},"categories":[3],"tags":[],"class_list":{"0":"post-74037","1":"post","2":"type-post","3":"status-publish","4":"format-standard","5":"has-post-thumbnail","7":"category-masnoticias"},"_links":{"self":[{"href":"https:\/\/primicias2262.com\/noticias\/wp-json\/wp\/v2\/posts\/74037","targetHints":{"allow":["GET"]}}],"collection":[{"href":"https:\/\/primicias2262.com\/noticias\/wp-json\/wp\/v2\/posts"}],"about":[{"href":"https:\/\/primicias2262.com\/noticias\/wp-json\/wp\/v2\/types\/post"}],"author":[{"embeddable":true,"href":"https:\/\/primicias2262.com\/noticias\/wp-json\/wp\/v2\/users\/3"}],"replies":[{"embeddable":true,"href":"https:\/\/primicias2262.com\/noticias\/wp-json\/wp\/v2\/comments?post=74037"}],"version-history":[{"count":0,"href":"https:\/\/primicias2262.com\/noticias\/wp-json\/wp\/v2\/posts\/74037\/revisions"}],"wp:featuredmedia":[{"embeddable":true,"href":"https:\/\/primicias2262.com\/noticias\/wp-json\/"}],"wp:attachment":[{"href":"https:\/\/primicias2262.com\/noticias\/wp-json\/wp\/v2\/media?parent=74037"}],"wp:term":[{"taxonomy":"category","embeddable":true,"href":"https:\/\/primicias2262.com\/noticias\/wp-json\/wp\/v2\/categories?post=74037"},{"taxonomy":"post_tag","embeddable":true,"href":"https:\/\/primicias2262.com\/noticias\/wp-json\/wp\/v2\/tags?post=74037"}],"curies":[{"name":"wp","href":"https:\/\/api.w.org\/{rel}","templated":true}]}}