{"id":74039,"date":"2021-03-12T10:07:19","date_gmt":"2021-03-12T13:07:19","guid":{"rendered":"https:\/\/primicias2262.com\/?p=74039"},"modified":"2021-03-12T10:07:19","modified_gmt":"2021-03-12T13:07:19","slug":"pami-va-a-vacunar-a-los-residentes-geriatricos-manifesto-gerardo-duran","status":"publish","type":"post","link":"https:\/\/primicias2262.com\/noticias\/pami-va-a-vacunar-a-los-residentes-geriatricos-manifesto-gerardo-duran\/","title":{"rendered":"\u201cPAMI va a vacunar a los residentes geri\u00e1tricos\u201d, manifest\u00f3 Gerardo Dur\u00e1n"},"content":{"rendered":"<p><strong>En di\u00e1logo con el periodista Jorge G\u00f3mez en \u201cVoces de la Ciudad\u201d, el titular local de PAMI, Gerardo Dur\u00e1n, se refiri\u00f3 a la cuesti\u00f3n de la vacunaci\u00f3n, como tambi\u00e9n a la b\u00fasqueda de un local en Quequ\u00e9n y dem\u00e1s temas.<\/strong><\/p>\n<p>Respecto a vacunaci\u00f3n, afirm\u00f3 que \u201cPAMI va a vacunar a los residentes geri\u00e1tricos, tanto de los hogares adheridos ac\u00e1 en Necochea, que hay tres, como a los restantes hogares que est\u00e9n debidamente habilitados\u201d, y estim\u00f3 que \u201cel programa de vacunaci\u00f3n estar\u00eda dado para abril en Necochea\u201d.<\/p>\n<p>Adem\u00e1s, Dur\u00e1n inform\u00f3 que a nivel local \u201chay un padr\u00f3n de 19 mil afiliados PAMI, contemplando los 2600 de Quequ\u00e9n\u201d, y si de Quequ\u00e9n se trata, se\u00f1al\u00f3 que \u201cseguimos en b\u00fasqueda de un local, hay ofrecimientos de dos o tres locales que hay que ver y chequear las condiciones de los lugares y de los propietarios. Es una b\u00fasqueda permanente y nos est\u00e1n dando una mano desde la Asociaci\u00f3n de Jubilados y Pensionados de Quequ\u00e9n\u201d.<\/p>\n<figure id=\"attachment_73516\" aria-describedby=\"caption-attachment-73516\" style=\"width: 300px\" class=\"wp-caption aligncenter\"><img loading=\"lazy\" decoding=\"async\" class=\"size-full wp-image-73516\" src=\"https:\/\/primicias2262.com\/wp-content\/uploads\/2021\/02\/duran.jpg\" alt=\"\" width=\"300\" height=\"168\" \/><figcaption id=\"caption-attachment-73516\" class=\"wp-caption-text\">Gerardo Dur\u00e1n, titular de PAMI<\/figcaption><\/figure>\n<p>En cuanto al d\u00e9ficit del servicio de Cardiolog\u00eda que se dio por estos d\u00edas, sostuvo que \u201cel hospital durante unos d\u00edas no ha tenido cardi\u00f3logos y hemos quedado sin ese servicio en el Ferreyra y en el Irurzun, pero es algo coyuntural y se est\u00e1 tratando de solucionar para estos pr\u00f3ximos d\u00edas\u201d.<\/p>\n<p>Asimismo, manifest\u00f3 que \u201cla mayor\u00eda de las c\u00e1pitas PAMI las tiene el Hospital Ferreyra, si bien tambi\u00e9n la Cl\u00ednica Cruz Azul tiene una buena cantidad, lamentablemente estamos en un momento en que algunas especialidades no se est\u00e1n brindando, caso endocrinolog\u00eda, por lo tanto nos dificulta mucho nuestra labor con la molestia que se le provoca al afiliado, y en muchos casos el gasto extra que tiene la obra social al tener que derivar a otra ciudad, asumiendo el costo de traslado de los afiliados\u201d.<\/p>\n<p>Aunque confi\u00f3 en que \u201cquiero creer que es un momento cuyuntural y que los problemas que estamos teniendo pasen en unos d\u00edas\u201d.<\/p>\n","protected":false},"excerpt":{"rendered":"<p>En di\u00e1logo con el periodista Jorge G\u00f3mez en \u201cVoces de la Ciudad\u201d, el titular local de PAMI, Gerardo Dur\u00e1n, se refiri\u00f3 a la cuesti\u00f3n de la vacunaci\u00f3n, como tambi\u00e9n a la b\u00fasqueda de un local en Quequ\u00e9n y dem\u00e1s temas. Respecto a vacunaci\u00f3n, afirm\u00f3 que \u201cPAMI va a vacunar a los residentes geri\u00e1tricos, tanto de [&hellip;]<\/p>\n","protected":false},"author":3,"featured_media":73517,"comment_status":"closed","ping_status":"closed","sticky":false,"template":"","format":"standard","meta":{"footnotes":""},"categories":[3],"tags":[],"class_list":{"0":"post-74039","1":"post","2":"type-post","3":"status-publish","4":"format-standard","5":"has-post-thumbnail","7":"category-masnoticias"},"_links":{"self":[{"href":"https:\/\/primicias2262.com\/noticias\/wp-json\/wp\/v2\/posts\/74039","targetHints":{"allow":["GET"]}}],"collection":[{"href":"https:\/\/primicias2262.com\/noticias\/wp-json\/wp\/v2\/posts"}],"about":[{"href":"https:\/\/primicias2262.com\/noticias\/wp-json\/wp\/v2\/types\/post"}],"author":[{"embeddable":true,"href":"https:\/\/primicias2262.com\/noticias\/wp-json\/wp\/v2\/users\/3"}],"replies":[{"embeddable":true,"href":"https:\/\/primicias2262.com\/noticias\/wp-json\/wp\/v2\/comments?post=74039"}],"version-history":[{"count":0,"href":"https:\/\/primicias2262.com\/noticias\/wp-json\/wp\/v2\/posts\/74039\/revisions"}],"wp:featuredmedia":[{"embeddable":true,"href":"https:\/\/primicias2262.com\/noticias\/wp-json\/"}],"wp:attachment":[{"href":"https:\/\/primicias2262.com\/noticias\/wp-json\/wp\/v2\/media?parent=74039"}],"wp:term":[{"taxonomy":"category","embeddable":true,"href":"https:\/\/primicias2262.com\/noticias\/wp-json\/wp\/v2\/categories?post=74039"},{"taxonomy":"post_tag","embeddable":true,"href":"https:\/\/primicias2262.com\/noticias\/wp-json\/wp\/v2\/tags?post=74039"}],"curies":[{"name":"wp","href":"https:\/\/api.w.org\/{rel}","templated":true}]}}