{"id":74045,"date":"2021-03-12T09:13:08","date_gmt":"2021-03-12T12:13:08","guid":{"rendered":"https:\/\/primicias2262.com\/?p=74045"},"modified":"2021-03-12T09:13:08","modified_gmt":"2021-03-12T12:13:08","slug":"ypf-lanza-descuentos-del-15-para-personal-educativo","status":"publish","type":"post","link":"https:\/\/primicias2262.com\/noticias\/ypf-lanza-descuentos-del-15-para-personal-educativo\/","title":{"rendered":"YPF lanza descuentos del 15% para personal educativo"},"content":{"rendered":"<p>El beneficio presentado por la petrolera y anunciado por el gobernador Kicillof incluye a docentes, directivos y maestranza de los niveles inicial, primario y secundario, y se suma al ya vigente para personal de salud.<\/p>\n<p>La petrolera YPF anunci\u00f3 un beneficio para el personal educativo para acompa\u00f1ar el regreso presencial a clases de instituciones p\u00fablicas y privadas de todo el pa\u00eds, lo que permitir\u00e1 acceder a descuentos de 15% en combustibles, entre otras bonificaciones en sus estaciones de servicio.<\/p>\n<p><strong>El beneficio alcanza a los docentes, directivos, asistentes, preceptores, administrativos o personal de maestranza, de nivel inicial, primario y secundario de instituciones nacionales p\u00fablicas y privadas, anunci\u00f3 esta tarde la compa\u00f1\u00eda durante un acto que se realiz\u00f3 en la estaci\u00f3n de servicio de YPF ubicada sobre la Autopista La Plata-Buenos Aires.<\/strong><\/p>\n<p>Del lanzamiento participaron el flamante presidente de YPF, Pablo Gonz\u00e1lez; el CEO, Sergio Affronti; el ministro de Educaci\u00f3n, Nicolas Trotta; el gobernador de la provincia de Buenos Aires, Axel Kiciloff; y la intendenta de Quilmes, Mayra Mendoza.<\/p>\n<p><strong>En el marco de una campa\u00f1a de la petrolera de promover la vuelta a las aulas<\/strong>, los trabajadores de la educaci\u00f3n podr\u00e1n acceder a un descuento especial del 15% en la carga de combustible, el acceso a un desayuno bonificado en las tiendas Full y podr\u00e1n realizar el escaneo de su veh\u00edculo en Boxes de manera gratuita.<\/p>\n<p>\u00abTodos estamos haciendo un enorme esfuerzo para que nuestros hijos y nuestras hijas vuelvan a compartir el aula. Por eso, decidimos acercarnos a todo personal educativo con un beneficio que s\u00f3lo una compa\u00f1\u00eda como YPF les puede dar porque es la \u00fanica con presencia en todo el pa\u00eds\u00bb, afirm\u00f3 el presidente de YPF.<\/p>\n<p>A su turno, Trotta expres\u00f3 que \u00abhoy se est\u00e1 promoviendo una presencialidad cuidada en el contexto de pandemia e YPF se suma a acompa\u00f1ar el regreso a las clases presenciales, colocando su red de estaciones al servicio de las y los trabajadores de la educaci\u00f3n\u00bb.<\/p>\n<p><strong>Este beneficio se suma al que ya est\u00e1 vigente para el personal de la salud, entre otros acuerdos firmados por la petrolera en el marco de la pandemia.<\/strong><\/p>\n<p>Todo el personal educativo que quiera acceder a este beneficio deber\u00e1 registrarse el sitio en personaleducativo.ypf.com. y aguardar el mail que le confirme que es parte de la comunidad.<\/p>\n<p>Para acceder al beneficio en combustibles, deber\u00e1n descargarse la App YPF, mientras que para acceder al beneficio en Full o Boxes bastar\u00e1 con su DNI o n\u00famero de socio Serviclub.<\/p>\n","protected":false},"excerpt":{"rendered":"<p>El beneficio presentado por la petrolera y anunciado por el gobernador Kicillof incluye a docentes, directivos y maestranza de los niveles inicial, primario y secundario, y se suma al ya vigente para personal de salud. La petrolera YPF anunci\u00f3 un beneficio para el personal educativo para acompa\u00f1ar el regreso presencial a clases de instituciones p\u00fablicas [&hellip;]<\/p>\n","protected":false},"author":3,"featured_media":74046,"comment_status":"closed","ping_status":"closed","sticky":false,"template":"","format":"standard","meta":{"footnotes":""},"categories":[4],"tags":[],"class_list":{"0":"post-74045","1":"post","2":"type-post","3":"status-publish","4":"format-standard","5":"has-post-thumbnail","7":"category-actualidad"},"_links":{"self":[{"href":"https:\/\/primicias2262.com\/noticias\/wp-json\/wp\/v2\/posts\/74045","targetHints":{"allow":["GET"]}}],"collection":[{"href":"https:\/\/primicias2262.com\/noticias\/wp-json\/wp\/v2\/posts"}],"about":[{"href":"https:\/\/primicias2262.com\/noticias\/wp-json\/wp\/v2\/types\/post"}],"author":[{"embeddable":true,"href":"https:\/\/primicias2262.com\/noticias\/wp-json\/wp\/v2\/users\/3"}],"replies":[{"embeddable":true,"href":"https:\/\/primicias2262.com\/noticias\/wp-json\/wp\/v2\/comments?post=74045"}],"version-history":[{"count":0,"href":"https:\/\/primicias2262.com\/noticias\/wp-json\/wp\/v2\/posts\/74045\/revisions"}],"wp:featuredmedia":[{"embeddable":true,"href":"https:\/\/primicias2262.com\/noticias\/wp-json\/"}],"wp:attachment":[{"href":"https:\/\/primicias2262.com\/noticias\/wp-json\/wp\/v2\/media?parent=74045"}],"wp:term":[{"taxonomy":"category","embeddable":true,"href":"https:\/\/primicias2262.com\/noticias\/wp-json\/wp\/v2\/categories?post=74045"},{"taxonomy":"post_tag","embeddable":true,"href":"https:\/\/primicias2262.com\/noticias\/wp-json\/wp\/v2\/tags?post=74045"}],"curies":[{"name":"wp","href":"https:\/\/api.w.org\/{rel}","templated":true}]}}