{"id":74051,"date":"2021-03-12T10:21:00","date_gmt":"2021-03-12T13:21:00","guid":{"rendered":"https:\/\/primicias2262.com\/?p=74051"},"modified":"2021-03-12T10:21:00","modified_gmt":"2021-03-12T13:21:00","slug":"san-cayetano-adhirio-a-recreo-un-programa-para-fomentar-el-turismo-y-la-cultura","status":"publish","type":"post","link":"https:\/\/primicias2262.com\/noticias\/san-cayetano-adhirio-a-recreo-un-programa-para-fomentar-el-turismo-y-la-cultura\/","title":{"rendered":"San Cayetano adhiri\u00f3 a \u00abRecreo\u00bb, un programa para fomentar el turismo y la cultura"},"content":{"rendered":"<p><strong>Mediante firma de adhesi\u00f3n, el Municipio de San Cayetano forma parte del programa de Gesti\u00f3n Tur\u00edstica Cultural \u201cReCreo\u201d, lanzado por el ministerio de Producci\u00f3n, Ciencia, Tecnolog\u00eda e Innovaci\u00f3n, a cargo de Augusto Costa. <\/strong><\/p>\n<p>El mismo incluye distintas l\u00edneas de acci\u00f3n para impulsar destinos tur\u00edsticos provinciales, potenciar la diversidad de atractivos culturales, hist\u00f3ricos, naturales y comerciales y brindar beneficios para turistas, visitantes, consumidores y consumidoras.<\/p>\n<p>Mediante la App gratuita de ReCreo los turistas que visitan nuestro Partido, encontrar\u00e1n puntos de inter\u00e9s tur\u00edstico y cultural que son los \u201cimperdibles\u201d lugares a recorrer durante su estad\u00eda.<\/p>\n<p>Adem\u00e1s, cada comercio local adherido al programa \u201cReCreo\u201d le brindar\u00e1 beneficios a quienes se acerquen al lugar a trav\u00e9s de la App. Para inscribirse pueden acercarse a la Oficina de Producci\u00f3n, Turismo y Medio Ambiente o al Espacio Cultural.<\/p>\n","protected":false},"excerpt":{"rendered":"<p>Mediante firma de adhesi\u00f3n, el Municipio de San Cayetano forma parte del programa de Gesti\u00f3n Tur\u00edstica Cultural \u201cReCreo\u201d, lanzado por el ministerio de Producci\u00f3n, Ciencia, Tecnolog\u00eda e Innovaci\u00f3n, a cargo de Augusto Costa. El mismo incluye distintas l\u00edneas de acci\u00f3n para impulsar destinos tur\u00edsticos provinciales, potenciar la diversidad de atractivos culturales, hist\u00f3ricos, naturales y comerciales [&hellip;]<\/p>\n","protected":false},"author":3,"featured_media":71007,"comment_status":"closed","ping_status":"closed","sticky":false,"template":"","format":"standard","meta":{"footnotes":""},"categories":[4],"tags":[],"class_list":{"0":"post-74051","1":"post","2":"type-post","3":"status-publish","4":"format-standard","5":"has-post-thumbnail","7":"category-actualidad"},"_links":{"self":[{"href":"https:\/\/primicias2262.com\/noticias\/wp-json\/wp\/v2\/posts\/74051","targetHints":{"allow":["GET"]}}],"collection":[{"href":"https:\/\/primicias2262.com\/noticias\/wp-json\/wp\/v2\/posts"}],"about":[{"href":"https:\/\/primicias2262.com\/noticias\/wp-json\/wp\/v2\/types\/post"}],"author":[{"embeddable":true,"href":"https:\/\/primicias2262.com\/noticias\/wp-json\/wp\/v2\/users\/3"}],"replies":[{"embeddable":true,"href":"https:\/\/primicias2262.com\/noticias\/wp-json\/wp\/v2\/comments?post=74051"}],"version-history":[{"count":0,"href":"https:\/\/primicias2262.com\/noticias\/wp-json\/wp\/v2\/posts\/74051\/revisions"}],"wp:featuredmedia":[{"embeddable":true,"href":"https:\/\/primicias2262.com\/noticias\/wp-json\/"}],"wp:attachment":[{"href":"https:\/\/primicias2262.com\/noticias\/wp-json\/wp\/v2\/media?parent=74051"}],"wp:term":[{"taxonomy":"category","embeddable":true,"href":"https:\/\/primicias2262.com\/noticias\/wp-json\/wp\/v2\/categories?post=74051"},{"taxonomy":"post_tag","embeddable":true,"href":"https:\/\/primicias2262.com\/noticias\/wp-json\/wp\/v2\/tags?post=74051"}],"curies":[{"name":"wp","href":"https:\/\/api.w.org\/{rel}","templated":true}]}}