{"id":74053,"date":"2021-03-12T10:32:48","date_gmt":"2021-03-12T13:32:48","guid":{"rendered":"https:\/\/primicias2262.com\/?p=74053"},"modified":"2021-03-12T10:32:48","modified_gmt":"2021-03-12T13:32:48","slug":"gestiones-ante-vialidad-provincial-para-iniciar-el-arreglo-del-acceso-a-la-dulce","status":"publish","type":"post","link":"https:\/\/primicias2262.com\/noticias\/gestiones-ante-vialidad-provincial-para-iniciar-el-arreglo-del-acceso-a-la-dulce\/","title":{"rendered":"Gestiones ante Vialidad provincial para iniciar el arreglo del acceso a La Dulce"},"content":{"rendered":"<p><strong>La Concejala del Frente de Todos \u2013 U.C, Andrea C\u00e1ceres, se reuni\u00f3 con Eduardo Di Napoli, responsable de la Zona XII de Direcci\u00f3n de Vialidad de la Provincia de Buenos Aires, y como resultado de esta reuni\u00f3n pudo concretarse la realizaci\u00f3n de bacheo provisorio del acceso a La Dulce, hasta que la obra del reemplazo de losas est\u00e9 en ejecuci\u00f3n.<\/strong><\/p>\n<p>Inform\u00f3 la edil que durante la reuni\u00f3n se le traslad\u00f3 a Di Napoli el reclamo de los vecinos de la localidad de Nicanor Olivera (La Dulce) ante el deterioro del acceso por Ruta Pcial 85.<\/p>\n<p>Al respecto pudo confirmarse que la licitaci\u00f3n para la reconstrucci\u00f3n de losas de hormig\u00f3n, que incluye el acceso a esa Localidad y la Av. Circunvalaci\u00f3n hasta el monumento los Ca\u00eddos de Malvinas, fue licitada y la empresa adjudicataria fue Plantel S.A.. El inicio de obra est\u00e1 previsto para los pr\u00f3ximos d\u00edas.<\/p>\n<p>\u00abComo resultado de esta reuni\u00f3n pudo concretarse la realizaci\u00f3n de bacheo provisorio por parte de Vialidad hasta que la obra del reemplazo de losas est\u00e9 en ejecuci\u00f3n, para garantizar la seguridad y la accesibilidad de los vecinas y vecinos de La Dulce\u00bb, se\u00f1al\u00f3 C\u00e1ceres. Vale destacar que el Bloque de Unidad Ciudadana \u2013 FdT en numerosas oportunidades reclam\u00f3 esta obra.<\/p>\n<p>Al respecto, la Concejala acot\u00f3 que \u201ccelebramos el inicio de esta obra, tan esperada y demandada por los vecinos y vecinas de La Dulce. El Gobierno de la Provincia escuch\u00f3 la demanda que le hicimos llegar a trav\u00e9s del Diputado Provincial Jos\u00e9 Ignacio \u201cCote\u201d Rossi, y logramos que mientras la obra que traer\u00e1 la soluci\u00f3n definitiva se inicie, se pueda realizar este bacheo provisorio. Una vez m\u00e1s el Gobernador Axel Kicillof demuestra el compromiso de trabajar para todas y todos los bonaerenses\u201d.<\/p>\n","protected":false},"excerpt":{"rendered":"<p>La Concejala del Frente de Todos \u2013 U.C, Andrea C\u00e1ceres, se reuni\u00f3 con Eduardo Di Napoli, responsable de la Zona XII de Direcci\u00f3n de Vialidad de la Provincia de Buenos Aires, y como resultado de esta reuni\u00f3n pudo concretarse la realizaci\u00f3n de bacheo provisorio del acceso a La Dulce, hasta que la obra del reemplazo [&hellip;]<\/p>\n","protected":false},"author":3,"featured_media":74054,"comment_status":"closed","ping_status":"closed","sticky":false,"template":"","format":"standard","meta":{"footnotes":""},"categories":[3],"tags":[],"class_list":{"0":"post-74053","1":"post","2":"type-post","3":"status-publish","4":"format-standard","5":"has-post-thumbnail","7":"category-masnoticias"},"_links":{"self":[{"href":"https:\/\/primicias2262.com\/noticias\/wp-json\/wp\/v2\/posts\/74053","targetHints":{"allow":["GET"]}}],"collection":[{"href":"https:\/\/primicias2262.com\/noticias\/wp-json\/wp\/v2\/posts"}],"about":[{"href":"https:\/\/primicias2262.com\/noticias\/wp-json\/wp\/v2\/types\/post"}],"author":[{"embeddable":true,"href":"https:\/\/primicias2262.com\/noticias\/wp-json\/wp\/v2\/users\/3"}],"replies":[{"embeddable":true,"href":"https:\/\/primicias2262.com\/noticias\/wp-json\/wp\/v2\/comments?post=74053"}],"version-history":[{"count":0,"href":"https:\/\/primicias2262.com\/noticias\/wp-json\/wp\/v2\/posts\/74053\/revisions"}],"wp:featuredmedia":[{"embeddable":true,"href":"https:\/\/primicias2262.com\/noticias\/wp-json\/"}],"wp:attachment":[{"href":"https:\/\/primicias2262.com\/noticias\/wp-json\/wp\/v2\/media?parent=74053"}],"wp:term":[{"taxonomy":"category","embeddable":true,"href":"https:\/\/primicias2262.com\/noticias\/wp-json\/wp\/v2\/categories?post=74053"},{"taxonomy":"post_tag","embeddable":true,"href":"https:\/\/primicias2262.com\/noticias\/wp-json\/wp\/v2\/tags?post=74053"}],"curies":[{"name":"wp","href":"https:\/\/api.w.org\/{rel}","templated":true}]}}