{"id":74056,"date":"2021-03-11T13:33:14","date_gmt":"2021-03-11T16:33:14","guid":{"rendered":"https:\/\/primicias2262.com\/?p=74056"},"modified":"2021-03-11T13:33:14","modified_gmt":"2021-03-11T16:33:14","slug":"el-147-no-atendera-entre-las-8-y-las-14-de-este-sabado-por-mudanza","status":"publish","type":"post","link":"https:\/\/primicias2262.com\/noticias\/el-147-no-atendera-entre-las-8-y-las-14-de-este-sabado-por-mudanza\/","title":{"rendered":"El 147 no atender\u00e1 entre las 8 y las 14 de este s\u00e1bado por mudanza"},"content":{"rendered":"<p><strong>Desde la Direcci\u00f3n de Ordenamiento Urbano del municipio, se informa que por cuestiones de mudanza, este s\u00e1bado 13 de marzo estar\u00e1 fuera de servicio el sistema del 147 entre las 8 y las 14 hs.<\/strong><\/p>\n<p>Luego de ello, seguir\u00e1 funcionando el servicio a disposici\u00f3n de los vecinos de manera normal para todo tipo de consultas.<\/p>\n<p>Vale aclarar que a partir de ma\u00f1ana, la oficina mencionada funcionar\u00e1 en el primer piso del edificio ubicado en Av. 59 N\u00ba 2432, entre 54 y 56, junto a otras \u00e1reas municipales.<\/p>\n","protected":false},"excerpt":{"rendered":"<p>Desde la Direcci\u00f3n de Ordenamiento Urbano del municipio, se informa que por cuestiones de mudanza, este s\u00e1bado 13 de marzo estar\u00e1 fuera de servicio el sistema del 147 entre las 8 y las 14 hs. Luego de ello, seguir\u00e1 funcionando el servicio a disposici\u00f3n de los vecinos de manera normal para todo tipo de consultas. [&hellip;]<\/p>\n","protected":false},"author":3,"featured_media":74057,"comment_status":"closed","ping_status":"closed","sticky":false,"template":"","format":"standard","meta":{"footnotes":""},"categories":[5],"tags":[],"class_list":{"0":"post-74056","1":"post","2":"type-post","3":"status-publish","4":"format-standard","5":"has-post-thumbnail","7":"category-neco"},"_links":{"self":[{"href":"https:\/\/primicias2262.com\/noticias\/wp-json\/wp\/v2\/posts\/74056","targetHints":{"allow":["GET"]}}],"collection":[{"href":"https:\/\/primicias2262.com\/noticias\/wp-json\/wp\/v2\/posts"}],"about":[{"href":"https:\/\/primicias2262.com\/noticias\/wp-json\/wp\/v2\/types\/post"}],"author":[{"embeddable":true,"href":"https:\/\/primicias2262.com\/noticias\/wp-json\/wp\/v2\/users\/3"}],"replies":[{"embeddable":true,"href":"https:\/\/primicias2262.com\/noticias\/wp-json\/wp\/v2\/comments?post=74056"}],"version-history":[{"count":0,"href":"https:\/\/primicias2262.com\/noticias\/wp-json\/wp\/v2\/posts\/74056\/revisions"}],"wp:featuredmedia":[{"embeddable":true,"href":"https:\/\/primicias2262.com\/noticias\/wp-json\/"}],"wp:attachment":[{"href":"https:\/\/primicias2262.com\/noticias\/wp-json\/wp\/v2\/media?parent=74056"}],"wp:term":[{"taxonomy":"category","embeddable":true,"href":"https:\/\/primicias2262.com\/noticias\/wp-json\/wp\/v2\/categories?post=74056"},{"taxonomy":"post_tag","embeddable":true,"href":"https:\/\/primicias2262.com\/noticias\/wp-json\/wp\/v2\/tags?post=74056"}],"curies":[{"name":"wp","href":"https:\/\/api.w.org\/{rel}","templated":true}]}}