{"id":74059,"date":"2021-03-15T10:03:27","date_gmt":"2021-03-15T13:03:27","guid":{"rendered":"https:\/\/primicias2262.com\/?p=74059"},"modified":"2021-03-15T10:03:27","modified_gmt":"2021-03-15T13:03:27","slug":"carola-bertoldi-dio-detalles-de-como-sera-la-eleccion-interna-presencial-del-radicalismo","status":"publish","type":"post","link":"https:\/\/primicias2262.com\/noticias\/carola-bertoldi-dio-detalles-de-como-sera-la-eleccion-interna-presencial-del-radicalismo\/","title":{"rendered":"Carola Bertoldi dio detalles de c\u00f3mo ser\u00e1 la elecci\u00f3n interna presencial del radicalismo"},"content":{"rendered":"<p><strong>A poco m\u00e1s de una semana de la elecci\u00f3n interna del radicalismo en la provincia de Buenos Aires y distritos, el periodista Jorge G\u00f3mez habl\u00f3 en \u201cVoces de la Ciudad\u201d con la presidenta de la junta electoral, Carola Bertoldi, a fin de conocer detalles de lo que ser\u00e1 la jornada presencial del 21 de marzo.<\/strong><\/p>\n<p>\u201cLas elecciones internas ser\u00e1n el 21 de marzo de 8 a 18, permitiendo que ingresen todos los afiliados\u201d, inici\u00f3 informando Carola, a lo que agreg\u00f3: \u201cSer\u00e1 en las distintas sedes de la Uni\u00f3n C\u00edvica Radical, en el caso de Necochea en el Comit\u00e9 Emiliano Ab\u00e1solo, y adem\u00e1s en los comit\u00e9s de circuito en las localidades de Quequ\u00e9n, Juan N. Fern\u00e1ndez y La Dulce. El padr\u00f3n est\u00e1 integrado por alrededor de 4200 personas aptas para votar, aunque hemos observado ciertas irregularidades con gente que figura en el padr\u00f3n y es p\u00fablico y notorio que no pertenecen al radicalismo\u201d.<\/p>\n<p>En cuanto al hecho de la presencialidad, Bertoldi manifest\u00f3 que \u201cel Comit\u00e9 Provincia ha distribuido para los comit\u00e9s distritales un protocolo que ha sido presentado y nosotros haremos lo mismo hoy en el municipio, donde constan todas las medidas a tomar\u201d, es decir, \u201cc\u00f3mo va a ser el ingreso y egreso al lugar, c\u00f3mo se van a colocar las mesas, el tema del alcohol en gel, bol\u00edgrafos desinfectados cada vez que un afiliado firma, hacer las colas y respetar las distancias, utilizar tapaboca o barbijo, y dem\u00e1s medidas que ya estamos acostumbrados a aplicar\u201d.<\/p>\n<p>Vale recordar que estas elecciones deb\u00edan realizarse el a\u00f1o pasado en octubre, pero estuvieron prohibidas las reuniones y los actos eleccionarios, por lo cual Provincia habilit\u00f3 reci\u00e9n ahora a partir de marzo los actos eleccionarios, y siempre y cuando se sigan los protocolos.<\/p>\n<p>En estas elecciones del radicalismo se resolver\u00e1n autoridades para el Comit\u00e9 provincia y otros cargos, como tambi\u00e9n los comit\u00e9s distritales, que en el caso de Necochea cuenta con una lista \u00fanica encabezada por Alberto Esnaola. Para el caso del Comit\u00e9 Provincia hay dos listas, una encabezada por el marplatense Maximiliano Abad y la otra la encabezada por Gustavo Posse.<\/p>\n<p><strong>FOTO: elciudadano.com.ar<\/strong><\/p>\n","protected":false},"excerpt":{"rendered":"<p>A poco m\u00e1s de una semana de la elecci\u00f3n interna del radicalismo en la provincia de Buenos Aires y distritos, el periodista Jorge G\u00f3mez habl\u00f3 en \u201cVoces de la Ciudad\u201d con la presidenta de la junta electoral, Carola Bertoldi, a fin de conocer detalles de lo que ser\u00e1 la jornada presencial del 21 de marzo. [&hellip;]<\/p>\n","protected":false},"author":3,"featured_media":74060,"comment_status":"closed","ping_status":"closed","sticky":false,"template":"","format":"standard","meta":{"footnotes":""},"categories":[3],"tags":[],"class_list":{"0":"post-74059","1":"post","2":"type-post","3":"status-publish","4":"format-standard","5":"has-post-thumbnail","7":"category-masnoticias"},"_links":{"self":[{"href":"https:\/\/primicias2262.com\/noticias\/wp-json\/wp\/v2\/posts\/74059","targetHints":{"allow":["GET"]}}],"collection":[{"href":"https:\/\/primicias2262.com\/noticias\/wp-json\/wp\/v2\/posts"}],"about":[{"href":"https:\/\/primicias2262.com\/noticias\/wp-json\/wp\/v2\/types\/post"}],"author":[{"embeddable":true,"href":"https:\/\/primicias2262.com\/noticias\/wp-json\/wp\/v2\/users\/3"}],"replies":[{"embeddable":true,"href":"https:\/\/primicias2262.com\/noticias\/wp-json\/wp\/v2\/comments?post=74059"}],"version-history":[{"count":0,"href":"https:\/\/primicias2262.com\/noticias\/wp-json\/wp\/v2\/posts\/74059\/revisions"}],"wp:featuredmedia":[{"embeddable":true,"href":"https:\/\/primicias2262.com\/noticias\/wp-json\/"}],"wp:attachment":[{"href":"https:\/\/primicias2262.com\/noticias\/wp-json\/wp\/v2\/media?parent=74059"}],"wp:term":[{"taxonomy":"category","embeddable":true,"href":"https:\/\/primicias2262.com\/noticias\/wp-json\/wp\/v2\/categories?post=74059"},{"taxonomy":"post_tag","embeddable":true,"href":"https:\/\/primicias2262.com\/noticias\/wp-json\/wp\/v2\/tags?post=74059"}],"curies":[{"name":"wp","href":"https:\/\/api.w.org\/{rel}","templated":true}]}}