{"id":74062,"date":"2021-03-14T15:40:14","date_gmt":"2021-03-14T18:40:14","guid":{"rendered":"https:\/\/primicias2262.com\/?p=74062"},"modified":"2021-03-14T15:40:14","modified_gmt":"2021-03-14T18:40:14","slug":"que-es-concejo-cultura-el-programa-que-se-pondra-en-marcha-en-el-recinto-del-hcd","status":"publish","type":"post","link":"https:\/\/primicias2262.com\/noticias\/que-es-concejo-cultura-el-programa-que-se-pondra-en-marcha-en-el-recinto-del-hcd\/","title":{"rendered":"\u00bfQu\u00e9 es Concejo Cultura? El programa que se pondr\u00e1 en marcha en el recinto del HCD"},"content":{"rendered":"<p><strong>El presidente del Concejo Deliberante de Necochea, Hern\u00e1n Trigo Guti\u00e9rrez, dio detalles del Programa Concejo Cultura, que estaba diagramado desde el a\u00f1o pasado pero que por cuestiones de la pandemia se pondr\u00e1 en marcha reciente en este 2021. Lo hizo a trav\u00e9s del contacto telef\u00f3nico con \u201cVoces de la Ciudad\u201d, programa que se emite por FM Vivilo, 103.5 del dial.<\/strong><\/p>\n<p>Ante la pregunta del periodista Jorge G\u00f3mez de \u201cqu\u00e9 es Concejo Cultura?\u201d, Trigo Guti\u00e9rrez explic\u00f3 que \u201ces un programa que lo ten\u00edamos pensado y diagramado para el a\u00f1o pasado pero con el tema de la pandemia tuvimos que posponerlo. Tiene que ver con generar un espacio para que los artistas locales puedan expresarse y exponer su arte, y de esa manera usarlo tambi\u00e9n como un nexo entre la comunidad y el Concejo\u201d.<\/p>\n<p>Incluso, reconoci\u00f3 que \u201cse trata de recomponer esa relaci\u00f3n, ya que en el Concejo la participaci\u00f3n popular es menor y lo vemos como un nexo en ese sentido\u201d.<\/p>\n<p>Por otro lado, tambi\u00e9n es propicio para \u201cgenerar un lugar que pueda utilizarse para la expresi\u00f3n art\u00edstica, que es un proyecto que les sirve a todos\u201d, acot\u00f3.<\/p>\n<p>En ese sentido, la pr\u00f3xima sesi\u00f3n del HDC est\u00e1 prevista para el venidero jueves 18 de marzo a las 19, y para \u201cese d\u00eda tenemos casi confirmado que habr\u00e1 un artista local que va a ir a cantar tango. Para m\u00e1s adelante tendremos exposiciones de pintura y ya hemos hablado con escultores tambi\u00e9n\u201d, inform\u00f3 Trigo Guti\u00e9rrez.<\/p>\n<p>Finalmente, el presidente del HCD no quiso soslayar el hecho de que se cambiaron las luces del recinto para colocar sistema LED, sobre lo que asegur\u00f3 que \u201cqued\u00f3 muy bien y mejor\u00f3 mucho la iluminaci\u00f3n, ha cambiado la imagen del lugar\u201d.<\/p>\n","protected":false},"excerpt":{"rendered":"<p>El presidente del Concejo Deliberante de Necochea, Hern\u00e1n Trigo Guti\u00e9rrez, dio detalles del Programa Concejo Cultura, que estaba diagramado desde el a\u00f1o pasado pero que por cuestiones de la pandemia se pondr\u00e1 en marcha reciente en este 2021. Lo hizo a trav\u00e9s del contacto telef\u00f3nico con \u201cVoces de la Ciudad\u201d, programa que se emite por [&hellip;]<\/p>\n","protected":false},"author":3,"featured_media":71772,"comment_status":"closed","ping_status":"closed","sticky":false,"template":"","format":"standard","meta":{"footnotes":""},"categories":[3],"tags":[],"class_list":{"0":"post-74062","1":"post","2":"type-post","3":"status-publish","4":"format-standard","5":"has-post-thumbnail","7":"category-masnoticias"},"_links":{"self":[{"href":"https:\/\/primicias2262.com\/noticias\/wp-json\/wp\/v2\/posts\/74062","targetHints":{"allow":["GET"]}}],"collection":[{"href":"https:\/\/primicias2262.com\/noticias\/wp-json\/wp\/v2\/posts"}],"about":[{"href":"https:\/\/primicias2262.com\/noticias\/wp-json\/wp\/v2\/types\/post"}],"author":[{"embeddable":true,"href":"https:\/\/primicias2262.com\/noticias\/wp-json\/wp\/v2\/users\/3"}],"replies":[{"embeddable":true,"href":"https:\/\/primicias2262.com\/noticias\/wp-json\/wp\/v2\/comments?post=74062"}],"version-history":[{"count":0,"href":"https:\/\/primicias2262.com\/noticias\/wp-json\/wp\/v2\/posts\/74062\/revisions"}],"wp:featuredmedia":[{"embeddable":true,"href":"https:\/\/primicias2262.com\/noticias\/wp-json\/"}],"wp:attachment":[{"href":"https:\/\/primicias2262.com\/noticias\/wp-json\/wp\/v2\/media?parent=74062"}],"wp:term":[{"taxonomy":"category","embeddable":true,"href":"https:\/\/primicias2262.com\/noticias\/wp-json\/wp\/v2\/categories?post=74062"},{"taxonomy":"post_tag","embeddable":true,"href":"https:\/\/primicias2262.com\/noticias\/wp-json\/wp\/v2\/tags?post=74062"}],"curies":[{"name":"wp","href":"https:\/\/api.w.org\/{rel}","templated":true}]}}