{"id":74065,"date":"2021-03-13T13:13:27","date_gmt":"2021-03-13T16:13:27","guid":{"rendered":"https:\/\/primicias2262.com\/?p=74065"},"modified":"2021-03-13T13:13:27","modified_gmt":"2021-03-13T16:13:27","slug":"estamos-contentos-por-el-comienzo-de-las-escuelas-y-el-tema-del-upd-salio-muy-bien","status":"publish","type":"post","link":"https:\/\/primicias2262.com\/noticias\/estamos-contentos-por-el-comienzo-de-las-escuelas-y-el-tema-del-upd-salio-muy-bien\/","title":{"rendered":"\u00a0\u201cEstamos contentos por el comienzo de las escuelas y el tema del UPD sali\u00f3 muy bien\u201d"},"content":{"rendered":"<p><strong>Transcurridas dos semanas del inicio del ciclo lectivo 2021, y una semana del comienzo del nivel secundario, el jefe distrital de Educaci\u00f3n, Javier Ranaldi, habl\u00f3 con \u201cVoces de la Ciudad\u201d y comunic\u00f3 que todo marcha normalmente hasta el momento.<\/strong><\/p>\n<p>Ante la consulta del periodista Jorge G\u00f3mez, Ranaldi asegur\u00f3 que \u201cestamos contentos por el comienzo con las escuelas, se solucion\u00f3 el tema del trasporte que era importante y estamos bien desde el punto de vista que todos empezaron\u201d, aunque aclar\u00f3 que \u201ctambi\u00e9n estamos con mucha carga porque van surgiendo cosas previstas como casos de Covid o una burbuja que se a\u00edsla\u2026 a veces hay que definir bien qu\u00e9 es contacto estrecho y qu\u00e9 es necesario para aislarse\u201d.<\/p>\n<p>Pero dentro de todo ese contexto, afirm\u00f3 que \u201ctuvimos una semana linda para que los chicos se reencuentren volviendo a clase, y pasamos el UPD (\u00faltimo Primer D\u00eda de la secundaria) que sali\u00f3 muy bien, los chicos se divirtieron y no hubo problemas\u201d.<\/p>\n<p>A su vez, el jefe distrital mencion\u00f3 que \u201ctuvimos una reuni\u00f3n con el municipio en el comit\u00e9 mixto distrital, para organizar un Zoom entre la gente de Salud con todos los directores de escuelas para aclarar las dudas que haya en cuanto al protocolo, que est\u00e1 vigente y tiene diversas interpretaciones, aunque siempre prima el af\u00e1n de cuidar\u201d.<\/p>\n<p>Por ende, manifest\u00f3 que \u201ccreo que hay que armarse de paciencia y en la medida en que vayamos acostumbr\u00e1ndonos a esta semi presencialidad vamos a ir mejorando y aceitando cuestiones\u201d.<\/p>\n<p>Por otra parte, puntualiz\u00f3 respecto a los en las escuelas que \u201cfuncionan bien\u2026 hay escuelas que tienen m\u00e1s de una entrada, hay personal que toma la temperatura, se lleva una declaraci\u00f3n jurada firmada por los padres cada 48 horas\u201d, y \u201cuna vez dentro del establecimiento se forman burbujas y la cantidad de alumnos depende de las dimensiones del aula. Hay burbujas de 15 alumnos, hay de 12 y hay burbujas de 6, y todas duran cuatro horas. Tambi\u00e9n depende del recurso humano que haya en cada escuela\u201d.<\/p>\n<p>Finalmente, Ranaldi se\u00f1al\u00f3 que en cuanto al interior del distrito que \u201cla situaci\u00f3n est\u00e1 bien en todas las localidades, estamos comunic\u00e1ndonos permanentemente y con mucho trabajo administrativo\u201d.<\/p>\n","protected":false},"excerpt":{"rendered":"<p>Transcurridas dos semanas del inicio del ciclo lectivo 2021, y una semana del comienzo del nivel secundario, el jefe distrital de Educaci\u00f3n, Javier Ranaldi, habl\u00f3 con \u201cVoces de la Ciudad\u201d y comunic\u00f3 que todo marcha normalmente hasta el momento. Ante la consulta del periodista Jorge G\u00f3mez, Ranaldi asegur\u00f3 que \u201cestamos contentos por el comienzo con [&hellip;]<\/p>\n","protected":false},"author":3,"featured_media":73376,"comment_status":"closed","ping_status":"closed","sticky":false,"template":"","format":"standard","meta":{"footnotes":""},"categories":[3],"tags":[],"class_list":{"0":"post-74065","1":"post","2":"type-post","3":"status-publish","4":"format-standard","5":"has-post-thumbnail","7":"category-masnoticias"},"_links":{"self":[{"href":"https:\/\/primicias2262.com\/noticias\/wp-json\/wp\/v2\/posts\/74065","targetHints":{"allow":["GET"]}}],"collection":[{"href":"https:\/\/primicias2262.com\/noticias\/wp-json\/wp\/v2\/posts"}],"about":[{"href":"https:\/\/primicias2262.com\/noticias\/wp-json\/wp\/v2\/types\/post"}],"author":[{"embeddable":true,"href":"https:\/\/primicias2262.com\/noticias\/wp-json\/wp\/v2\/users\/3"}],"replies":[{"embeddable":true,"href":"https:\/\/primicias2262.com\/noticias\/wp-json\/wp\/v2\/comments?post=74065"}],"version-history":[{"count":0,"href":"https:\/\/primicias2262.com\/noticias\/wp-json\/wp\/v2\/posts\/74065\/revisions"}],"wp:featuredmedia":[{"embeddable":true,"href":"https:\/\/primicias2262.com\/noticias\/wp-json\/"}],"wp:attachment":[{"href":"https:\/\/primicias2262.com\/noticias\/wp-json\/wp\/v2\/media?parent=74065"}],"wp:term":[{"taxonomy":"category","embeddable":true,"href":"https:\/\/primicias2262.com\/noticias\/wp-json\/wp\/v2\/categories?post=74065"},{"taxonomy":"post_tag","embeddable":true,"href":"https:\/\/primicias2262.com\/noticias\/wp-json\/wp\/v2\/tags?post=74065"}],"curies":[{"name":"wp","href":"https:\/\/api.w.org\/{rel}","templated":true}]}}