{"id":74067,"date":"2021-03-12T14:17:50","date_gmt":"2021-03-12T17:17:50","guid":{"rendered":"https:\/\/primicias2262.com\/?p=74067"},"modified":"2021-03-12T14:17:50","modified_gmt":"2021-03-12T17:17:50","slug":"jorge-alvaro-en-la-52o-fiesta-del-trigo-la-intencion-del-gobernador-es-que-el-puerto-se-diversifique","status":"publish","type":"post","link":"https:\/\/primicias2262.com\/noticias\/jorge-alvaro-en-la-52o-fiesta-del-trigo-la-intencion-del-gobernador-es-que-el-puerto-se-diversifique\/","title":{"rendered":"Jorge Alvaro en la 52\u00ba Fiesta del Trigo: \u201cLa intenci\u00f3n del Gobernador es que el puerto se diversifique\u201d"},"content":{"rendered":"<p><strong>El Presidente del Consorcio de Gesti\u00f3n de Puerto Quequ\u00e9n, Jorge Alvaro, particip\u00f3 de la Mesa Redonda de apertura de la 52\u00ba Fiesta provincial del Trigo en Tres Arroyos, junto al Ministro de Agricultura, Ganader\u00eda y Pesca de la Naci\u00f3n, Luis Basterra; y al Ministro de Desarrollo Agrario de la Provincia de Buenos Aires, Javier Rodr\u00edguez.<\/strong><\/p>\n<p>Durante su alocuci\u00f3n, Jorge Alvaro asegur\u00f3 \u201csomos un puerto f\u00edsicamente apto para crecer. Tenemos proyectos para ampliar la capacidad. Contamos con los recursos, las posibilidades y el absoluto apoyo de la Provincia\u201d.<\/p>\n<p><img loading=\"lazy\" decoding=\"async\" class=\"aligncenter size-full wp-image-74069\" src=\"https:\/\/primicias2262.com\/wp-content\/uploads\/2021\/03\/alvaro2.jpeg\" alt=\"\" width=\"1080\" height=\"720\" \/><\/p>\n<p>En el marco de la planificaci\u00f3n de la Provincia de Buenos Aires para la expansi\u00f3n de la propuesta portuaria, ante la previsi\u00f3n de un constante crecimiento de la producci\u00f3n y de la oferta exportable de la Argentina, \u201cla intenci\u00f3n del Gobernador es que el puerto se diversifique. Estamos discutiendo el regreso de la pesca y tambi\u00e9n la incorporaci\u00f3n del tr\u00e1fico de contenedores, lo cual implica fronteras afuera del puerto un mejoramiento absoluto de la log\u00edstica carretera y ojal\u00e1 ferroviaria\u201d, explic\u00f3 el Presidente de Puerto Quequ\u00e9n.<\/p>\n<p>Destacando las aptitudes operativas, Alvaro resalt\u00f3 que \u201cen los \u00faltimos diez a\u00f1os, Puerto Quequ\u00e9n ha promediado la exportaci\u00f3n de un mill\u00f3n de toneladas de trigo. Alcanzar el calado de 50 pies ha permitido un mejoramiento absoluto de los tiempos. Queremos seguir el ritmo din\u00e1mico de crecimiento\u201d.<\/p>\n<p>El encuentro comenz\u00f3 con la entonaci\u00f3n de las estrofas del Himno Nacional, seguida de las palabras de Bienvenida del Intendente de Tres Arroyos, Carlos S\u00e1nchez, y la entrega de los reconocimientos a los ganadores del Concurso de Muestras de Trigo y la m\u00e1s importante que otorga esta edici\u00f3n, la Espiga de Oro.<\/p>\n<p><img loading=\"lazy\" decoding=\"async\" class=\"aligncenter size-full wp-image-74070\" src=\"https:\/\/primicias2262.com\/wp-content\/uploads\/2021\/03\/alvaro3.jpeg\" alt=\"\" width=\"1280\" height=\"853\" \/><\/p>\n<p>Junto a los ministros nacional y provincial, la Mesa Redonda en la Sociedad Italiana de Tres Arroyos cont\u00f3 con la disertaci\u00f3n del secretario de Desarrollo Econ\u00f3mico, Ciencia y Tecnolog\u00eda, Mat\u00edas Fuhrer; Horacio Salaverri, presidente de la Confederaci\u00f3n de Asociaciones Rurales de Buenos Aires y La Pampa; Armando Casalins, asesor t\u00e9cnico de la Federaci\u00f3n de Centros y Entidades Gremiales de Acopiadores de Cereales; Mar\u00eda Elena Antonelli y Mar\u00eda Eugenia Rul, referentes de la Bolsa de Cereales y Productos de Bah\u00eda Blanca; Emir Cesaroni, gerente de Banca Agropecuaria del Banco de la Provincia de Buenos Aires; Leonardo Sim\u00f3n, de la Federaci\u00f3n Argentina de la Industria Molinera (FAIM); Mart\u00edn Sergio Zamora, coordinador de la Red Nacional de Agroecolog\u00eda de INTA; y Elbio Laucirica, Vicepresidente de Coninagro.<\/p>\n","protected":false},"excerpt":{"rendered":"<p>El Presidente del Consorcio de Gesti\u00f3n de Puerto Quequ\u00e9n, Jorge Alvaro, particip\u00f3 de la Mesa Redonda de apertura de la 52\u00ba Fiesta provincial del Trigo en Tres Arroyos, junto al Ministro de Agricultura, Ganader\u00eda y Pesca de la Naci\u00f3n, Luis Basterra; y al Ministro de Desarrollo Agrario de la Provincia de Buenos Aires, Javier Rodr\u00edguez. [&hellip;]<\/p>\n","protected":false},"author":3,"featured_media":74068,"comment_status":"closed","ping_status":"closed","sticky":false,"template":"","format":"standard","meta":{"footnotes":""},"categories":[3],"tags":[],"class_list":{"0":"post-74067","1":"post","2":"type-post","3":"status-publish","4":"format-standard","5":"has-post-thumbnail","7":"category-masnoticias"},"_links":{"self":[{"href":"https:\/\/primicias2262.com\/noticias\/wp-json\/wp\/v2\/posts\/74067","targetHints":{"allow":["GET"]}}],"collection":[{"href":"https:\/\/primicias2262.com\/noticias\/wp-json\/wp\/v2\/posts"}],"about":[{"href":"https:\/\/primicias2262.com\/noticias\/wp-json\/wp\/v2\/types\/post"}],"author":[{"embeddable":true,"href":"https:\/\/primicias2262.com\/noticias\/wp-json\/wp\/v2\/users\/3"}],"replies":[{"embeddable":true,"href":"https:\/\/primicias2262.com\/noticias\/wp-json\/wp\/v2\/comments?post=74067"}],"version-history":[{"count":0,"href":"https:\/\/primicias2262.com\/noticias\/wp-json\/wp\/v2\/posts\/74067\/revisions"}],"wp:featuredmedia":[{"embeddable":true,"href":"https:\/\/primicias2262.com\/noticias\/wp-json\/"}],"wp:attachment":[{"href":"https:\/\/primicias2262.com\/noticias\/wp-json\/wp\/v2\/media?parent=74067"}],"wp:term":[{"taxonomy":"category","embeddable":true,"href":"https:\/\/primicias2262.com\/noticias\/wp-json\/wp\/v2\/categories?post=74067"},{"taxonomy":"post_tag","embeddable":true,"href":"https:\/\/primicias2262.com\/noticias\/wp-json\/wp\/v2\/tags?post=74067"}],"curies":[{"name":"wp","href":"https:\/\/api.w.org\/{rel}","templated":true}]}}