{"id":74078,"date":"2021-03-13T13:53:19","date_gmt":"2021-03-13T16:53:19","guid":{"rendered":"https:\/\/primicias2262.com\/?p=74078"},"modified":"2021-03-13T13:53:19","modified_gmt":"2021-03-13T16:53:19","slug":"este-lunes-15-abre-la-inscripcion-para-el-boleto-estudiantil-gratuito","status":"publish","type":"post","link":"https:\/\/primicias2262.com\/noticias\/este-lunes-15-abre-la-inscripcion-para-el-boleto-estudiantil-gratuito\/","title":{"rendered":"Este lunes 15 abre la inscripci\u00f3n para el Boleto Estudiantil Gratuito"},"content":{"rendered":"<p><strong>Tras la firma del convenio con las empresas de micros locales, a partir de este lunes 15 de marzo\u00a0se reabrir\u00e1 la inscripci\u00f3n del programa Boleto Estudiantil, mediante el Sistema \u00danico de Boleto Electr\u00f3nico,\u00a0la cual se extender\u00e1 hasta el viernes 16\u00a0de abril y tendr\u00e1 algunos cambios en cuanto a su implementaci\u00f3n por razones de protocolo.<\/strong><\/p>\n<p>La inscripci\u00f3n se efectuar\u00e1 en la Unidad de Gesti\u00f3n SUBE, ubicada en la planta baja del Centro C\u00edvico, en 58 y 61,\u00a0de lunes a viernes de 8:15 a 14. Y\u00a0en la Delegaci\u00f3n de Quequ\u00e9n,\u00a0ubicada en calle 560 y 519, de 8\u00a0a 14.<\/p>\n<p><strong>Los\u00a0requisitos para solicitarlo ser\u00e1n\u00a0los siguientes:<\/strong><strong>\u00a0<\/strong><\/p>\n<ul>\n<li>Pertenecer a un establecimiento de educaci\u00f3n p\u00fablica, o en caso de concurrir a un establecimiento de educaci\u00f3n privada debe estar becado al 100%.<\/li>\n<li>Encontrarse domiciliado a m\u00e1s de 1000 (mil) metros de distancia del establecimiento educativo al que concurra, seg\u00fan conste en el DNI del solicitante.<\/li>\n<li>Presentarse a realizar el tr\u00e1mite personalmente, o bien, el padre, madre o tutor del estudiante, con fotocopia de DNI y Constancia de Alumno Regular, expedida por autoridad competente del establecimiento educativo<\/li>\n<li>Aquellos que ya poseen una tarjeta SUBE registrada deber\u00e1n llevarla. En caso de nunca haber pose\u00eddo una tarjeta registrada, deber\u00e1 comprarla en los comercios adheridos.<\/li>\n<li>En este caso se les solicitar\u00e1 adem\u00e1s un correo electr\u00f3nico y un n\u00famero telef\u00f3nico<\/li>\n<\/ul>\n<p><strong>El usuario deber\u00e1 dejar la documentaci\u00f3n y podr\u00e1 aplicar el beneficio despu\u00e9s de las 24Hs en cualquier Terminal Autom\u00e1tica de SUBE (TAS), apoyando la tarjeta SUBE en la TAS hasta que el mensaje indique que debes retirar tu tarjeta.<\/strong><\/p>\n<p><strong>Ubicaci\u00f3n Tas Necochea y Quequ\u00e9n<\/strong><\/p>\n<ul>\n<li>Hospital Dr. Emilio\u00a0Ferreyra: Av. 59\u00a0N\u00ba\u00a04801 \u2013 24Hs.<\/li>\n<li>Supermercado Toledo: Av. 75 y Av. 58 \u2013 09.00 a 21.00 Hs.<\/li>\n<li>Centro C\u00edvico: Av. 58\u00a0N\u00ba\u00a03018 \u2013 06.00 a 20.00 Hs.<\/li>\n<li>Municipalidad de Necochea: Calle 56 N\u00ba 2945 \u2013 06.00 a 20.00 Hs.<\/li>\n<li>Estaci\u00f3n de Servicio Eisen: Calle 47 N\u00ba 2255 \u2013 24Hs.<\/li>\n<li>Estaci\u00f3n de Servicio\u00a0Axi\u00f3n: Av. 42 y Av. 58 \u2013 24 Hs.<\/li>\n<li>Estaci\u00f3n de Servicio Puma: Av. 42 y Av. 75 \u2013 24 Hs.<\/li>\n<li>Maxi Kiosco: 83\u00a0N\u00ba\u00a0226 \u2013 24 Hs.<\/li>\n<li>Secretar\u00eda de Turismo: Av.2\u00a0N\u00ba\u00a04301 \u2013 09.00 a 18.00 Hs.<\/li>\n<li>Delegaci\u00f3n de Quequ\u00e9n: Calle 560\u00a0N\u00ba\u00a0901 \u2013 07.00 a 13.00 Hs.<\/li>\n<li>Hospital De Quequ\u00e9n Jos\u00e9\u00a0Irurzun: Calle\u00a0541\u00a0N\u00ba3550 \u2013 24Hs.<\/li>\n<li>Estaci\u00f3n de Servicio Puma: Av. 578\u00a0N\u00ba\u00a02778 \u2013 24Hs.<\/li>\n<\/ul>\n<p><strong>Mapa Interactivo TAS:<\/strong><\/p>\n<p><a href=\"https:\/\/www.google.com\/maps\/d\/u\/1\/edit?mid=1Vcj3i7moYJDWSHK9odTsMVpV8nVMA_wZ&amp;usp=sharing\" data-saferedirecturl=\"https:\/\/www.google.com\/url?q=https:\/\/www.google.com\/maps\/d\/u\/1\/edit?mid%3D1Vcj3i7moYJDWSHK9odTsMVpV8nVMA_wZ%26usp%3Dsharing&amp;source=gmail&amp;ust=1615637318012000&amp;usg=AFQjCNE4yyXgslha-Snb8Zl338OOnx5ntQ\">https:\/\/www.google.com\/maps\/d\/u\/1\/edit?mid=1Vcj3i7moYJDWSHK9odTsMVpV8nVMA_wZ&amp;usp=sharing<\/a><\/p>\n<p><strong>Mapa interactivo Recorrido de L\u00edneas de Colectivos:<\/strong><\/p>\n<p><a href=\"https:\/\/www.google.com\/maps\/d\/u\/1\/edit?hl=es&amp;mid=14TQ9QAPKPO9KB9n-HCsXgSs8M50sLWDU&amp;ll=-38.55565277509679%2C-58.72935574999999&amp;z=13\" data-saferedirecturl=\"https:\/\/www.google.com\/url?q=https:\/\/www.google.com\/maps\/d\/u\/1\/edit?hl%3Des%26mid%3D14TQ9QAPKPO9KB9n-HCsXgSs8M50sLWDU%26ll%3D-38.55565277509679%252C-58.72935574999999%26z%3D13&amp;source=gmail&amp;ust=1615637318012000&amp;usg=AFQjCNGl5cD14bpESaNL_pvACel85LkHmQ\">https:\/\/www.google.com\/maps\/d\/u\/1\/edit?hl=es&amp;mid=14TQ9QAPKPO9KB9n-HCsXgSs8M50sLWDU&amp;ll=-38.55565277509679%2C-58.72935574999999&amp;z=13<\/a><\/p>\n<p>El programa otorga una cantidad de entre 16 y 80 usos (boletos) mensuales gratuitos, para la utilizaci\u00f3n del transporte p\u00fablico de pasajeros. A cada beneficiario, se le entrega de acuerdo a la modalidad de estudio que\u00a0cursa\u00a0en\u00a0la ense\u00f1anza p\u00fablica, mientras que quienes est\u00e1n en el \u00e1mbito privado cuentan con un 20% de descuento.<\/p>\n<p>Asimismo, se informa\u00a0que\u00a0para el nivel terciario, el beneficio se podr\u00e1 comenzar a tramitar cuando comiencen las clases presenciales en el distrito.<\/p>\n<p>Para cada uno de estos casos, vale aclarar que cualquier uso por fuera de los d\u00edas u horarios detallados, o bien cuando se sobrepasen las cantidades indicadas anteriormente, el sistema le descontar\u00e1 al usuario la tarifa correspondiente al boleto plano.<\/p>\n","protected":false},"excerpt":{"rendered":"<p>Tras la firma del convenio con las empresas de micros locales, a partir de este lunes 15 de marzo\u00a0se reabrir\u00e1 la inscripci\u00f3n del programa Boleto Estudiantil, mediante el Sistema \u00danico de Boleto Electr\u00f3nico,\u00a0la cual se extender\u00e1 hasta el viernes 16\u00a0de abril y tendr\u00e1 algunos cambios en cuanto a su implementaci\u00f3n por razones de protocolo. La [&hellip;]<\/p>\n","protected":false},"author":3,"featured_media":74079,"comment_status":"closed","ping_status":"closed","sticky":false,"template":"","format":"standard","meta":{"footnotes":""},"categories":[3],"tags":[],"class_list":{"0":"post-74078","1":"post","2":"type-post","3":"status-publish","4":"format-standard","5":"has-post-thumbnail","7":"category-masnoticias"},"_links":{"self":[{"href":"https:\/\/primicias2262.com\/noticias\/wp-json\/wp\/v2\/posts\/74078","targetHints":{"allow":["GET"]}}],"collection":[{"href":"https:\/\/primicias2262.com\/noticias\/wp-json\/wp\/v2\/posts"}],"about":[{"href":"https:\/\/primicias2262.com\/noticias\/wp-json\/wp\/v2\/types\/post"}],"author":[{"embeddable":true,"href":"https:\/\/primicias2262.com\/noticias\/wp-json\/wp\/v2\/users\/3"}],"replies":[{"embeddable":true,"href":"https:\/\/primicias2262.com\/noticias\/wp-json\/wp\/v2\/comments?post=74078"}],"version-history":[{"count":0,"href":"https:\/\/primicias2262.com\/noticias\/wp-json\/wp\/v2\/posts\/74078\/revisions"}],"wp:featuredmedia":[{"embeddable":true,"href":"https:\/\/primicias2262.com\/noticias\/wp-json\/"}],"wp:attachment":[{"href":"https:\/\/primicias2262.com\/noticias\/wp-json\/wp\/v2\/media?parent=74078"}],"wp:term":[{"taxonomy":"category","embeddable":true,"href":"https:\/\/primicias2262.com\/noticias\/wp-json\/wp\/v2\/categories?post=74078"},{"taxonomy":"post_tag","embeddable":true,"href":"https:\/\/primicias2262.com\/noticias\/wp-json\/wp\/v2\/tags?post=74078"}],"curies":[{"name":"wp","href":"https:\/\/api.w.org\/{rel}","templated":true}]}}