{"id":74095,"date":"2021-03-15T11:13:24","date_gmt":"2021-03-15T14:13:24","guid":{"rendered":"https:\/\/primicias2262.com\/?p=74095"},"modified":"2021-03-15T11:13:24","modified_gmt":"2021-03-15T14:13:24","slug":"la-83-deja-de-ser-peatonal-hoy-y-se-habilita-al-transito-de-cara-a-la-temporada-baja","status":"publish","type":"post","link":"https:\/\/primicias2262.com\/noticias\/la-83-deja-de-ser-peatonal-hoy-y-se-habilita-al-transito-de-cara-a-la-temporada-baja\/","title":{"rendered":"La 83 deja de ser peatonal y se habilita al tr\u00e1nsito de cara a la temporada baja"},"content":{"rendered":"<p><strong>El personal municipal empez\u00f3 a retirar maseteros y mobiliario de 83 entre 2 y 4 bis, actuando de acuerdo a la ordenanza que establec\u00eda el modo peatonal hasta el 15 de marzo.<\/strong><\/p>\n<p>En relaci\u00f3n a ello, el director de\u00a0 Servicios P\u00fablicos de la comuna, Ariel Rodr\u00edguez, se\u00f1al\u00f3 en \u201cVoces de la Ciudad\u201d ante la consulta del periodista Jorge G\u00f3mez que \u201ccomo hacemos todos los a\u00f1os cuando termina la ordenanza el 15 de marzo, empezamos a mover los maseteros y todo el mobiliario para habilitarla al tr\u00e1nsito, Hoy los chicos entraron a trabajar a las 7 de la ma\u00f1ana\u201d.<\/p>\n<p>Asimismo, se refiri\u00f3 al operativo de limpieza que se lleva a cabo en Necochea y Quequ\u00e9n con las barredoras adquiridas hace pocos meses: \u201cTenemos dos turnos, el nocturno de 0 a 7, y el diurno de 4 a 9 o 10 de la ma\u00f1ana. Para nosotros es mucho m\u00e1s sencillo ahora porque la barredora te hace 80 o 90 cuadras por turno y nos permite sacar toda la cuadrilla de mano a la periferia, nos vamos afuera del microcentro de la villa balnearia, como de la plaza del centro\u201d, apunt\u00f3.<\/p>\n","protected":false},"excerpt":{"rendered":"<p>El personal municipal empez\u00f3 a retirar maseteros y mobiliario de 83 entre 2 y 4 bis, actuando de acuerdo a la ordenanza que establec\u00eda el modo peatonal hasta el 15 de marzo. En relaci\u00f3n a ello, el director de\u00a0 Servicios P\u00fablicos de la comuna, Ariel Rodr\u00edguez, se\u00f1al\u00f3 en \u201cVoces de la Ciudad\u201d ante la consulta [&hellip;]<\/p>\n","protected":false},"author":3,"featured_media":74096,"comment_status":"closed","ping_status":"closed","sticky":false,"template":"","format":"standard","meta":{"footnotes":""},"categories":[3],"tags":[],"class_list":{"0":"post-74095","1":"post","2":"type-post","3":"status-publish","4":"format-standard","5":"has-post-thumbnail","7":"category-masnoticias"},"_links":{"self":[{"href":"https:\/\/primicias2262.com\/noticias\/wp-json\/wp\/v2\/posts\/74095","targetHints":{"allow":["GET"]}}],"collection":[{"href":"https:\/\/primicias2262.com\/noticias\/wp-json\/wp\/v2\/posts"}],"about":[{"href":"https:\/\/primicias2262.com\/noticias\/wp-json\/wp\/v2\/types\/post"}],"author":[{"embeddable":true,"href":"https:\/\/primicias2262.com\/noticias\/wp-json\/wp\/v2\/users\/3"}],"replies":[{"embeddable":true,"href":"https:\/\/primicias2262.com\/noticias\/wp-json\/wp\/v2\/comments?post=74095"}],"version-history":[{"count":0,"href":"https:\/\/primicias2262.com\/noticias\/wp-json\/wp\/v2\/posts\/74095\/revisions"}],"wp:featuredmedia":[{"embeddable":true,"href":"https:\/\/primicias2262.com\/noticias\/wp-json\/"}],"wp:attachment":[{"href":"https:\/\/primicias2262.com\/noticias\/wp-json\/wp\/v2\/media?parent=74095"}],"wp:term":[{"taxonomy":"category","embeddable":true,"href":"https:\/\/primicias2262.com\/noticias\/wp-json\/wp\/v2\/categories?post=74095"},{"taxonomy":"post_tag","embeddable":true,"href":"https:\/\/primicias2262.com\/noticias\/wp-json\/wp\/v2\/tags?post=74095"}],"curies":[{"name":"wp","href":"https:\/\/api.w.org\/{rel}","templated":true}]}}