{"id":74098,"date":"2021-03-15T11:56:24","date_gmt":"2021-03-15T14:56:24","guid":{"rendered":"https:\/\/primicias2262.com\/?p=74098"},"modified":"2021-03-15T11:56:24","modified_gmt":"2021-03-15T14:56:24","slug":"realizaron-una-jornada-solidaria-en-los-alamos-por-los-8-anos-del-ungimiento-del-papa-francisco","status":"publish","type":"post","link":"https:\/\/primicias2262.com\/noticias\/realizaron-una-jornada-solidaria-en-los-alamos-por-los-8-anos-del-ungimiento-del-papa-francisco\/","title":{"rendered":"Realizaron una jornada solidaria en Los \u00c1lamos por los 8 a\u00f1os del ungimiento del Papa Francisco"},"content":{"rendered":"<p style=\"font-weight: 400;\"><strong>El Movimiento Evita sostuvo el pasado fin de semana una jornada solidaria de mejoramiento de la Capilla San Pablo en el barrio Los \u00c1lamos en el marco de los ocho a\u00f1os del ungimiento del Papa Francisco.<\/strong><\/p>\n<p style=\"font-weight: 400;\">La organizaci\u00f3n pol\u00edtica y social junto a la UTEP-Evita sostiene una unidad barrial en el lugar en la que se realizan viandas y meriendas para familias del barrio, talleres de formaci\u00f3n en oficios y una escuela deportiva donde se ense\u00f1a boxeo. Luciano Lescano, profesor y referente del Movimiento Evita Necochea, destac\u00f3 que el Papa Francisco \u201crescata la cultura del encuentro, de la solidaridad y de trabajar mancomunadamente en la comunidad\u201d.<\/p>\n<p><img loading=\"lazy\" decoding=\"async\" class=\"aligncenter size-full wp-image-74099\" src=\"https:\/\/primicias2262.com\/wp-content\/uploads\/2021\/03\/mov-evita-22.jpg\" alt=\"\" width=\"1379\" height=\"919\" \/><\/p>\n<p>Durante la tarde del s\u00e1bado se inici\u00f3 un mural para resaltar el trabajo del barrio y se comenz\u00f3 con la pintura exterior del establecimiento para restaurar la fachada. \u201cFrancisco siempre apoya a los m\u00e1s humildes, los necesitados, apoya a los movimientos populares, y rescata la cultura del encuentro que es lo que tenemos que comenzar a transitar en Necochea\u201d, destac\u00f3 Lescano. Adem\u00e1s, el exconcejal agreg\u00f3 que \u201cdebemos encontrarnos m\u00e1s con aquellos que tienen los mismos objetivos y que trabajan por las mismas personas en los barrios de Necochea, Quequ\u00e9n, La Dulce y todo el distrito. Hay que fortalecer ese v\u00ednculo para garantizar la dignidad de muchos necochenses que no la est\u00e1n pasando bien durante la pandemia\u201d.<\/p>\n","protected":false},"excerpt":{"rendered":"<p>El Movimiento Evita sostuvo el pasado fin de semana una jornada solidaria de mejoramiento de la Capilla San Pablo en el barrio Los \u00c1lamos en el marco de los ocho a\u00f1os del ungimiento del Papa Francisco. La organizaci\u00f3n pol\u00edtica y social junto a la UTEP-Evita sostiene una unidad barrial en el lugar en la que [&hellip;]<\/p>\n","protected":false},"author":3,"featured_media":74100,"comment_status":"closed","ping_status":"closed","sticky":false,"template":"","format":"standard","meta":{"footnotes":""},"categories":[3],"tags":[],"class_list":{"0":"post-74098","1":"post","2":"type-post","3":"status-publish","4":"format-standard","5":"has-post-thumbnail","7":"category-masnoticias"},"_links":{"self":[{"href":"https:\/\/primicias2262.com\/noticias\/wp-json\/wp\/v2\/posts\/74098","targetHints":{"allow":["GET"]}}],"collection":[{"href":"https:\/\/primicias2262.com\/noticias\/wp-json\/wp\/v2\/posts"}],"about":[{"href":"https:\/\/primicias2262.com\/noticias\/wp-json\/wp\/v2\/types\/post"}],"author":[{"embeddable":true,"href":"https:\/\/primicias2262.com\/noticias\/wp-json\/wp\/v2\/users\/3"}],"replies":[{"embeddable":true,"href":"https:\/\/primicias2262.com\/noticias\/wp-json\/wp\/v2\/comments?post=74098"}],"version-history":[{"count":0,"href":"https:\/\/primicias2262.com\/noticias\/wp-json\/wp\/v2\/posts\/74098\/revisions"}],"wp:featuredmedia":[{"embeddable":true,"href":"https:\/\/primicias2262.com\/noticias\/wp-json\/"}],"wp:attachment":[{"href":"https:\/\/primicias2262.com\/noticias\/wp-json\/wp\/v2\/media?parent=74098"}],"wp:term":[{"taxonomy":"category","embeddable":true,"href":"https:\/\/primicias2262.com\/noticias\/wp-json\/wp\/v2\/categories?post=74098"},{"taxonomy":"post_tag","embeddable":true,"href":"https:\/\/primicias2262.com\/noticias\/wp-json\/wp\/v2\/tags?post=74098"}],"curies":[{"name":"wp","href":"https:\/\/api.w.org\/{rel}","templated":true}]}}