{"id":74107,"date":"2021-03-15T11:03:08","date_gmt":"2021-03-15T14:03:08","guid":{"rendered":"https:\/\/primicias2262.com\/?p=74107"},"modified":"2021-03-15T11:03:08","modified_gmt":"2021-03-15T14:03:08","slug":"comienzan-las-pruebas-de-5g-tres-empresas-exponen-la-tecnologia-ante-el-enacom","status":"publish","type":"post","link":"https:\/\/primicias2262.com\/noticias\/comienzan-las-pruebas-de-5g-tres-empresas-exponen-la-tecnologia-ante-el-enacom\/","title":{"rendered":"Comienzan las pruebas de 5G: tres empresas exponen la tecnolog\u00eda ante el Enacom"},"content":{"rendered":"<p>Huawei, Ericsson y Nokia, los principales fabricantes globales de esta tecnolog\u00eda, le mostrar\u00e1n al organismo que regula las comunicaciones ejemplos pr\u00e1cticos de c\u00f3mo el 5G permitir\u00e1 transformar la sociedad.<\/p>\n<p>El Ente Nacional de Comunicaciones ser\u00e1 escenario de las primeras pruebas de tecnolog\u00eda 5G que realizar\u00e1n las empresas a instancias del Estado, con la participaci\u00f3n de las firmas Ericsson, Huawei y Nokia, para exponer el funcionamiento de la tecnolog\u00eda en proyectos puntuales.<\/p>\n<p>Hasta ahora las pruebas para demostrar el valor de esta tecnolog\u00eda fueron realizadas por las operadoras con ensayos de laboratorio que mostraban con videojuegos, partidos de tenis o simulaci\u00f3n de autos sin conductor, la multiplicaci\u00f3n de la velocidad que permite 5G.<\/p>\n<p>Desde el Enacom consideran que esta tecnolog\u00eda \u00abofrecer\u00e1 ventajas sin precedentes en la industria, la educaci\u00f3n y el entretenimiento, entre otras\u00bb.<\/p>\n<p><strong>\u00abLa incorporaci\u00f3n de esta tecnolog\u00eda presenta una gran oportunidad de expansi\u00f3n de estas redes para impulsar la transformaci\u00f3n digital del pa\u00eds, con foco en el sector productivo, en la educaci\u00f3n y en la reducci\u00f3n de la brecha digital\u00bb<\/strong>, sostuvo el ente en un comunicado.<\/p>\n<p>Tambi\u00e9n el subsecretario de Tecnolog\u00edas de la Informaci\u00f3n y las Comunicaciones, Mart\u00edn Olmos, remarc\u00f3 que 5G \u00abes el horizonte, es el futuro\u00bb para el cual habr\u00e1 que preparar normativa.<\/p>\n<p>Mientras se \u00abatienden los d\u00e9ficits de los sistemas actuales, la falta de cobertura y la situaci\u00f3n de las personas que no pueden acceder a los servicios, ya sea por cuestiones de cobertura o por el costo de los mismos\u00bb, sostuvo Olmos.<\/p>\n<p>Entre las empresas que participan de las pruebas organizadas por el Enacom, Pablo Peretti (Ericsson Argentina) adelant\u00f3 que llevar\u00e1n al Ente \u00abejemplos pr\u00e1cticos de c\u00f3mo el 5G permitir\u00e1 transformar la sociedad y habilitar\u00e1 nuevas oportunidades para diferentes sectores, tales como producci\u00f3n, educaci\u00f3n y salud, entre otros, contribuyendo al crecimiento y digitalizaci\u00f3n del pa\u00eds\u00bb.<\/p>\n<p>Con esta tecnolog\u00eda en funcionamiento, indic\u00f3 por su parte Fernando Sosa (Nokia)\u00a0<strong>\u00abArgentina podr\u00eda tener un crecimiento econ\u00f3mico de US$302.000 millones entre este a\u00f1o y el 2035 si desplegara 5G, con una productividad de US$ 778.000 millones\u00bb<\/strong>.<\/p>\n<p>El sistema permitir\u00eda generar \u00abun salto en la conveniencia para la poblaci\u00f3n, la productividad de las empresas y la gesti\u00f3n de los gobiernos\u00bb, de acuerdo a las conclusiones del estudio realizado para Nokia por la consultora Omdia.<\/p>\n<p>Sosa adelant\u00f3 que esta semana\u00a0<strong>en el Enacom mostrar\u00e1n \u00abrobots usando inteligencia en la nube para solucionar tareas que requieren respuestas inmediatas, con banda ancha diez veces m\u00e1s r\u00e1pida que 4G, y video en 360\u00b0 tomado en el \u00e1rea\u00bb.<\/strong><\/p>\n<p>Tambi\u00e9n desde Telecom -que se presenta en la muestra con uno de sus proveedores, Huawei, y que tiene redes de 5G en Buenos Aires y Rosario sobre bandas asignadas a 4G-, indicaron que esta nueva tecnolog\u00eda \u00abrevolucionar\u00e1 las comunicaciones m\u00f3viles en el pa\u00eds, abriendo la puerta hacia una nueva era en la econom\u00eda digital\u00bb.<\/p>\n<p>La tecnolog\u00eda 5G, no s\u00f3lo est\u00e1 pensada para dar un salto cualitativo en las comunicaciones entre personas, sino que es una plataforma que que permitir\u00e1 el desarrollo de un nuevo ecosistema en el cual habr\u00e1 m\u00e1s objetos comunicados que personas.<\/p>\n<p><strong>La estimaci\u00f3n de la Uni\u00f3n Internacional de Telecomunicaciones (UIT) es que con tecnolog\u00eda 5G se pueden conectar y traficar datos de un mill\u00f3n de dispositivos por milla cuadrada.<\/strong>Las ciudades inteligentes, las cirug\u00edas remotas, los veh\u00edculos autoconducidos, los procesos de manufactura industrial, son algunas de las actividades que podr\u00e1n realizarse en tiempo real, con esta plataforma que tiene milisegundos de latencia.<\/p>\n<p><strong>La puesta en marcha de esta tecnolog\u00eda en el pa\u00eds requiere de asignaciones de bandas del espectro radioel\u00e9ctrico<\/strong>\u00a0tanto en las frecuencias m\u00e1s altas como en las bajas,\u00a0<strong>as\u00ed como fuertes inversiones en redes de fibra \u00f3ptica<\/strong>\u00a0ya que es la tecnolog\u00eda \u00abelegida\u00bb para complementar a las antenas de 5G.<\/p>\n<p>El director de Planeamiento y Urbanizaci\u00f3n de la Subsecretar\u00eda de Tecnolog\u00edas de la Informaci\u00f3n y las comunicaciones, (Subsetic), Juan Gnius, sostuvo en un encuentro organizado por el Centro Argentino de Ingenieros que \u00ab5G requiere 5 veces m\u00e1s fibra \u00f3ptica que la desplegada para 4G\u00bb.<\/p>\n<p>En cuanto a normativas, Olmos indic\u00f3 en el mismo encuentro que\u00a0<strong>\u00abse est\u00e1 trabajando en un reglamento de espectro y en un plan de asignaci\u00f3n -de frecuencias de espectro radioel\u00e9ctrico- que aprobaremos este a\u00f1o\u00bb.<\/strong><\/p>\n<p>\u00abEsto va a dar una perspectiva de las bandas que se van a ir atribuyendo\u00bb para la tecnolog\u00eda 5G, afirm\u00f3.<\/p>\n<p>Adelant\u00f3, adem\u00e1s, que el Reglamento de Espectro \u00abincluir\u00e1 la habilitaci\u00f3n de un mercado secundario, no totalmente desregulado sino con control del ente regulador, que pueda contribuir a la eficiencia de las asignaciones\u00bb.<\/p>\n<p>Hay un mercado secundario cuando un operador tiene bloques de frecuencias asignadas de espectro sin utilizar y las \u00absubalquila\u00bb a un competidor que tiene congesti\u00f3n de tr\u00e1fico.<\/p>\n<p>\u00abEl establecimiento de un mercado secundario forma parte de las buenas pr\u00e1cticas de administraci\u00f3n de espectro radioel\u00e9ctrico mencionadas por entidades como la Organizaci\u00f3n para la Cooperaci\u00f3n y el Desarrollo Econ\u00f3micos (OCDE) y la Uni\u00f3n Internacional de Telecomunicaciones (UIT)\u00bb, afirm\u00f3 el director de 5G para Am\u00e9rica Latina y el Caribe, Jos\u00e9 Otero.<\/p>\n<p>El experto asegur\u00f3 que esa modalidad \u00abfomenta mayor dinamismo y flexibilidad\u00bb en la industria m\u00f3vil, \u00abacelera la innovaci\u00f3n, incrementa la competencia y mejora la calidad de los servicios\u00bb.<\/p>\n","protected":false},"excerpt":{"rendered":"<p>Huawei, Ericsson y Nokia, los principales fabricantes globales de esta tecnolog\u00eda, le mostrar\u00e1n al organismo que regula las comunicaciones ejemplos pr\u00e1cticos de c\u00f3mo el 5G permitir\u00e1 transformar la sociedad. El Ente Nacional de Comunicaciones ser\u00e1 escenario de las primeras pruebas de tecnolog\u00eda 5G que realizar\u00e1n las empresas a instancias del Estado, con la participaci\u00f3n de [&hellip;]<\/p>\n","protected":false},"author":3,"featured_media":74108,"comment_status":"closed","ping_status":"closed","sticky":false,"template":"","format":"standard","meta":{"footnotes":""},"categories":[4],"tags":[],"class_list":{"0":"post-74107","1":"post","2":"type-post","3":"status-publish","4":"format-standard","5":"has-post-thumbnail","7":"category-actualidad"},"_links":{"self":[{"href":"https:\/\/primicias2262.com\/noticias\/wp-json\/wp\/v2\/posts\/74107","targetHints":{"allow":["GET"]}}],"collection":[{"href":"https:\/\/primicias2262.com\/noticias\/wp-json\/wp\/v2\/posts"}],"about":[{"href":"https:\/\/primicias2262.com\/noticias\/wp-json\/wp\/v2\/types\/post"}],"author":[{"embeddable":true,"href":"https:\/\/primicias2262.com\/noticias\/wp-json\/wp\/v2\/users\/3"}],"replies":[{"embeddable":true,"href":"https:\/\/primicias2262.com\/noticias\/wp-json\/wp\/v2\/comments?post=74107"}],"version-history":[{"count":0,"href":"https:\/\/primicias2262.com\/noticias\/wp-json\/wp\/v2\/posts\/74107\/revisions"}],"wp:featuredmedia":[{"embeddable":true,"href":"https:\/\/primicias2262.com\/noticias\/wp-json\/"}],"wp:attachment":[{"href":"https:\/\/primicias2262.com\/noticias\/wp-json\/wp\/v2\/media?parent=74107"}],"wp:term":[{"taxonomy":"category","embeddable":true,"href":"https:\/\/primicias2262.com\/noticias\/wp-json\/wp\/v2\/categories?post=74107"},{"taxonomy":"post_tag","embeddable":true,"href":"https:\/\/primicias2262.com\/noticias\/wp-json\/wp\/v2\/tags?post=74107"}],"curies":[{"name":"wp","href":"https:\/\/api.w.org\/{rel}","templated":true}]}}