{"id":74113,"date":"2021-03-15T11:37:43","date_gmt":"2021-03-15T14:37:43","guid":{"rendered":"https:\/\/primicias2262.com\/?p=74113"},"modified":"2021-03-15T11:37:43","modified_gmt":"2021-03-15T14:37:43","slug":"vuelan-en-corrientes-guacamayos-rojos-una-especie-que-estaba-extinta-hace-mas-de-170-anos","status":"publish","type":"post","link":"https:\/\/primicias2262.com\/noticias\/vuelan-en-corrientes-guacamayos-rojos-una-especie-que-estaba-extinta-hace-mas-de-170-anos\/","title":{"rendered":"Vuelan en Corrientes guacamayos rojos, una especie que estaba extinta hace m\u00e1s de 170 a\u00f1os"},"content":{"rendered":"<p><strong>Gracias a un programa de reintroducci\u00f3n de la especie,\u00a0calificado por especialistas como \u00abun proyecto sin antecedentes\u00bb,\u00a0nacieron recientemente los dos primeros ejemplares en estado silvestre.<\/strong><\/p>\n<p>Casi una veintena de guacamayos rojos vuelan por los Esteros del Iber\u00e1, gracias a un programa de reintroducci\u00f3n de la especie que puso fin a la extinci\u00f3n de estas aves por m\u00e1s de 170 a\u00f1os en Corrientes y que, seg\u00fan los especialistas dedicados a su reinserci\u00f3n, es \u00abun proyecto sin antecedentes\u00bb en el que tambi\u00e9n \u00abse trabaja a prueba y error\u00bb.<\/p>\n<p>La iniciativa reuni\u00f3 a la<strong>\u00a0Fundaci\u00f3n Rewilding Argentina y al Gobierno de Corrientes a trav\u00e9s del Centro de Conservaci\u00f3n de Fauna Silvestre Aguar\u00e1<\/strong>\u00a0en el desarrollo del Programa de reintroducci\u00f3n de animales, que celebr\u00f3 hace muy poco el nacimiento de los dos primeros guacamayos rojos en estado silvestre.<\/p>\n<p>La\u00a0<strong>bi\u00f3loga Tal\u00eda Zamboni de Rewilding Argentina y el veterinario del Centro de Conservaci\u00f3n Aguar\u00e1, Jorge G\u00f3mez<\/strong>, relataron a T\u00e9lam las razones de la desaparici\u00f3n de estas vistosas aves, su estilo de vida y el trabajo que realizan para devolverlas al ecosistema.<\/p>\n<p>La labor de los especialistas incluye desde cambios de dieta hasta entrenamientos de vuelo, porque las aves que llegaron a Corrientes, provienen de distintos lugares, algunas arribaron tras estar en cautiverio, otras llegaron del bioparque bonaerense Temaiken y del Ecoparque porte\u00f1o y se les realiza un seguimiento para estudiar su adaptaci\u00f3n.<\/p>\n<p>La bi\u00f3loga Zamboni explic\u00f3 que \u00ablos registros sostienen que los\u00a0<strong>guacamayos rojos fueron vistos por \u00faltima vez, antes de extinguirse, all\u00e1 por 1850<\/strong>\u00ab.<\/p>\n<p>\u00abDesaparecieron porque muchos tomaron a la especie como mascota, tambi\u00e9n sufrieron persecuci\u00f3n por el tr\u00e1fico de plumas y otro factor fue la tala de \u00e1rboles, porque habitan zonas boscosas y fueron perdiendo territorio y desapareciendo\u00bb, se\u00f1al\u00f3 .<\/p>\n<p>Cont\u00f3 que ya son 17 los guacamayos que vuelan libres, dos de ellos una pareja de pichones \u00abTuco\u00bb y \u00abPur\u00e9\u00bb, que nacieron en libertad y andan por la zona de reserva, junto a sus padres.<\/p>\n<p>\u00abSu h\u00e1bitat son los bosques a orillas del r\u00edo Paran\u00e1\u00bb, detall\u00f3 la bi\u00f3loga en di\u00e1logo con T\u00e9lam y agreg\u00f3 que \u00abla experiencia de reintroducci\u00f3n de la especie, logr\u00f3 que dos aves nazcan en vida silvestre\u00bb.<\/p>\n<p>Rescat\u00f3 que los guacamayos, que consumen frutos silvestres, \u00abayudan a regenerar los bosques nativos, cuando evacuan las semillas\u00bb.<\/p>\n<p>\u00abEste\u00a0<strong>es un proyecto desafiante y un gran logro que estos pichones est\u00e9n volando.<\/strong>\u00a0Esperamos mucho para esto\u00bb, afirm\u00f3 con orgullo.<\/p>\n<p>Por su parte, Jorge G\u00f3mez, relat\u00f3 que las aves normalmente \u00abvuelan en la zona de Cambiret\u00e1 en cercan\u00edas de Ituzaing\u00f3, predio del Parque Nacional Iber\u00e1, uno de los portales de los esteros\u00bb.<\/p>\n<p>\u00abEs una serie extinta que se reintroduce, un proyecto sin antecedentes, en algunos aspectos se trabaja a prueba y error, por ejemplo, la primera suelta se hizo en 2015, sin entrenamiento y no fue muy exitosa. Vamos aprendiendo de los errores\u00bb, cont\u00f3 a T\u00e9lam.<\/p>\n<p>En este sentido, explic\u00f3 que \u00abahora los entrenamos para que desarrollen su capacidad de vuelo y resistencia y comenzamos con un cambio en la dieta, una adaptaci\u00f3n, a lo que ser\u00e1 su alimento que son los frutos nativos\u00bb.<\/p>\n<p>\u00ab<strong>La liberaci\u00f3n es paulatina y en combinaci\u00f3n con la dieta<\/strong>\u00ab, remarc\u00f3 el veterinario y a\u00f1adi\u00f3 que \u00abtambi\u00e9n se realiza un entrenamiento anti predatorio, para que reconozcan el peligro\u00bb.<\/p>\n<div id=\"image\" class=\"image\"><img decoding=\"async\" title=\"Una vez liberadas las aves, se las monitorea a trav\u00e9s de collares que dependen de una antena y se las visualiza.\" src=\"https:\/\/www.telam.com.ar\/advf\/imagenes\/2020\/08\/5f272940b09c5_1004x565.jpg\" alt=\"Una vez liberadas las aves, se las monitorea a trav\u00e9s de collares que dependen de una antena y se las visualiza.\" \/><\/p>\n<div class=\"epigrafe\">Una vez liberadas las aves, se las monitorea a trav\u00e9s de collares que dependen de una antena y se las visualiza.<\/div>\n<\/div>\n<p>Luego del entrenamiento de las aves en el Centro Aguar\u00e1, G\u00f3mez explic\u00f3 que\u00a0<strong>una vez liberadas se las monitorea a trav\u00e9s de collares que dependen de una antena y se las visualiza\u00a0<\/strong>en un recorrido a pie o caballo y en alguna oportunidad, en avioneta.<\/p>\n<p>\u00abA veces la gente que los ve nos manda fotos o videos, porque la antena s\u00f3lo los registra en un radio de 8 kil\u00f3metros y eso es un gran aporte\u00bb, mencion\u00f3 y agreg\u00f3 que los guacamayos rojos suelen ser vistos en la zona del Yerbalito, Villa Olivari y Loreto, al noreste y centro de Corrientes.<\/p>\n<p>Al describir a T\u00e9lam su experiencia profesional en el proyecto, Jorge G\u00f3mez afirm\u00f3 que \u00abla sensaci\u00f3n de que los guacamayos salgan de una jaula y recuperen su libertad, es muy linda\u00bb.<\/p>\n<p>\u00abSeguiremos liberando guacamayos,\u00a0<strong>estamos trabajando en eso, para que exista una poblaci\u00f3n que se reproduzca en libertad<\/strong>\u00ab, concluy\u00f3 el veterinario del Centro de Conservaci\u00f3n de Fauna Silvestre Aguar\u00e1 de Corrientes.<\/p>\n","protected":false},"excerpt":{"rendered":"<p>Gracias a un programa de reintroducci\u00f3n de la especie,\u00a0calificado por especialistas como \u00abun proyecto sin antecedentes\u00bb,\u00a0nacieron recientemente los dos primeros ejemplares en estado silvestre. Casi una veintena de guacamayos rojos vuelan por los Esteros del Iber\u00e1, gracias a un programa de reintroducci\u00f3n de la especie que puso fin a la extinci\u00f3n de estas aves por [&hellip;]<\/p>\n","protected":false},"author":3,"featured_media":74114,"comment_status":"closed","ping_status":"closed","sticky":false,"template":"","format":"standard","meta":{"footnotes":""},"categories":[4],"tags":[],"class_list":{"0":"post-74113","1":"post","2":"type-post","3":"status-publish","4":"format-standard","5":"has-post-thumbnail","7":"category-actualidad"},"_links":{"self":[{"href":"https:\/\/primicias2262.com\/noticias\/wp-json\/wp\/v2\/posts\/74113","targetHints":{"allow":["GET"]}}],"collection":[{"href":"https:\/\/primicias2262.com\/noticias\/wp-json\/wp\/v2\/posts"}],"about":[{"href":"https:\/\/primicias2262.com\/noticias\/wp-json\/wp\/v2\/types\/post"}],"author":[{"embeddable":true,"href":"https:\/\/primicias2262.com\/noticias\/wp-json\/wp\/v2\/users\/3"}],"replies":[{"embeddable":true,"href":"https:\/\/primicias2262.com\/noticias\/wp-json\/wp\/v2\/comments?post=74113"}],"version-history":[{"count":0,"href":"https:\/\/primicias2262.com\/noticias\/wp-json\/wp\/v2\/posts\/74113\/revisions"}],"wp:featuredmedia":[{"embeddable":true,"href":"https:\/\/primicias2262.com\/noticias\/wp-json\/"}],"wp:attachment":[{"href":"https:\/\/primicias2262.com\/noticias\/wp-json\/wp\/v2\/media?parent=74113"}],"wp:term":[{"taxonomy":"category","embeddable":true,"href":"https:\/\/primicias2262.com\/noticias\/wp-json\/wp\/v2\/categories?post=74113"},{"taxonomy":"post_tag","embeddable":true,"href":"https:\/\/primicias2262.com\/noticias\/wp-json\/wp\/v2\/tags?post=74113"}],"curies":[{"name":"wp","href":"https:\/\/api.w.org\/{rel}","templated":true}]}}