{"id":74124,"date":"2021-03-16T09:24:16","date_gmt":"2021-03-16T12:24:16","guid":{"rendered":"https:\/\/primicias2262.com\/?p=74124"},"modified":"2021-03-16T09:24:16","modified_gmt":"2021-03-16T12:24:16","slug":"vilchez-quiera-ya-un-peronismo-unido-en-estos-ultimos-anos-con-el-pj-ni-figuramos","status":"publish","type":"post","link":"https:\/\/primicias2262.com\/noticias\/vilchez-quiera-ya-un-peronismo-unido-en-estos-ultimos-anos-con-el-pj-ni-figuramos\/","title":{"rendered":"Vilchez quiera ya un peronismo unido: \u201cEn estos \u00faltimos a\u00f1os con el PJ ni figuramos\u201d"},"content":{"rendered":"<p><strong>En nota con el periodista Jorge G\u00f3mez en el programa \u201cVoces de la Ciudad\u201d, que se emite por FM Vinilo, 103.5 del dial, esta vez Antonio Vilchez, m\u00e1s que como presidente del Consejo Administrativo de la Usina Popular Cooperativa, se expres\u00f3 como titular de la B\u00e1sica peronista \u201917 de octubre\u2019, con la cual viene recibiendo a numerosos sectores gremiales y espacios peronistas a fin de armar una conducci\u00f3n y proyecto pol\u00edtico para llegar a una presunta lista \u00fanica de cara a la renovaci\u00f3n de autoridades del consejo distrital del peronismo local.<\/strong><\/p>\n<p>\u201cSoy peronista de toda la vida, y desde un principio vengo pregonando la uni\u00f3n del peronismo\u201d, inici\u00f3 expres\u00e1ndose Vilchez, quien asegur\u00f3 sorprenderse porque \u201cde los m\u00e1s de 20 distritos de la Quinta Secci\u00f3n electoral el peronismo perdi\u00f3 en casi todos, y esto tiene una explicaci\u00f3n, y es que el peronismo est\u00e1 muy fragmentado. Ac\u00e1 el que gana conduce y el que pierde se va\u201d.<\/p>\n<p>En funci\u00f3n de ello, sostuvo que \u201cyo he armado un grupo de j\u00f3venes y de gente grande tambi\u00e9n, y les vengo diciendo que lo que tenemos que hacer es tratar de unir al peronismo, y por esa manera de expresarnos gracias a Dios se han unido varias agrupaciones. Para m\u00ed eso fue muy importante, porque si vengo pregonando por la uni\u00f3n del peronismo, que se junten distintas l\u00edneas pol\u00edticas nos sirvi\u00f3 para decir que empezamos desde 0, que podemos ir a una mesa de concertaci\u00f3n y de ah\u00ed que salga el que m\u00e1s consenso tenga, y el que quiera ser presidente que lo diga, pero unidos\u201d.<\/p>\n<p>M\u00e1s a\u00fan, insisti\u00f3 Vilchez en que \u201cveo con mucho inter\u00e9s el tema de la unidad, este grupo al menos en la reuni\u00f3n lo demostr\u00f3 y nos dijimos todo lo que ten\u00edamos que decir. Cada uno est\u00e1 trabajando en su agrupaci\u00f3n, pero unidos, y es importante, lo cual me llena de alegr\u00eda, porque a lo mejor sale un buen presidente de todas esas l\u00edneas\u201d.<\/p>\n<p><img loading=\"lazy\" decoding=\"async\" class=\"aligncenter size-full wp-image-74125\" src=\"https:\/\/primicias2262.com\/wp-content\/uploads\/2021\/03\/vilch.jpg\" alt=\"\" width=\"512\" height=\"371\" \/><\/p>\n<p>No obstante, en una parte de la nota se le pregunt\u00f3 directamente \u201c\u00bfy vos no?\u201d, a lo que Vilchez respondi\u00f3 con titubeos, pero luego de unos segundos cont\u00f3 algo que dej\u00f3 la puerta entreabierta: \u201cRago (por Roberto, Gerente General de la Usina) no se imagina c\u00f3mo puedo yo estar en todos lados y manejar todo, y con esto no se sabe\u2026 lo que es el ambiente pol\u00edtico me lo dio la calle y tanta militancia o estar con la gente. Lo que quiero de una vez por todas es que nos juntemos todos los peronistas porque en estos \u00faltimos a\u00f1os el PJ de verdad ni figuramos. El peronismo no est\u00e1 en lugares fuertes porque est\u00e1 muy fragmentado, no s\u00e9 si es el ego\u00edsmo o falta de conducci\u00f3n. Tenemos que tener por lo menos un proyecto pol\u00edtico\u201d.<\/p>\n<p>Incluso, el titular de la UPC revel\u00f3 que el \u00faltimo s\u00e1bado recibi\u00f3 la visita de una allegada a Cristina Fern\u00e1ndez de Kirchner, para dialogar en torno a esta unidad, entre otras cuestiones menores, al tiempo que ya tiene pactada una reuni\u00f3n con la vicegobernadora Ver\u00f3nica Magario, \u201cque va a servir para que el peronismo se una un poco m\u00e1s\u201d, asegur\u00f3 Vilchez, y acot\u00f3: \u201cSe han arrimado a nosotros y quieren trabajar en conjunto\u201d.<\/p>\n<p>Finalmente, dej\u00f3 bien en claro su relaci\u00f3n con el intendente Rojas, al expresar que \u201cCon Arturo lo hemos aclarado, podemos estar en l\u00edneas diferentes, pero siempre trabajando por Necochea, y esa relaci\u00f3n la vamos a mantener, ya est\u00e1 pactada\u201d.<\/p>\n","protected":false},"excerpt":{"rendered":"<p>En nota con el periodista Jorge G\u00f3mez en el programa \u201cVoces de la Ciudad\u201d, que se emite por FM Vinilo, 103.5 del dial, esta vez Antonio Vilchez, m\u00e1s que como presidente del Consejo Administrativo de la Usina Popular Cooperativa, se expres\u00f3 como titular de la B\u00e1sica peronista \u201917 de octubre\u2019, con la cual viene recibiendo [&hellip;]<\/p>\n","protected":false},"author":3,"featured_media":74126,"comment_status":"closed","ping_status":"closed","sticky":false,"template":"","format":"standard","meta":{"footnotes":""},"categories":[3],"tags":[],"class_list":{"0":"post-74124","1":"post","2":"type-post","3":"status-publish","4":"format-standard","5":"has-post-thumbnail","7":"category-masnoticias"},"_links":{"self":[{"href":"https:\/\/primicias2262.com\/noticias\/wp-json\/wp\/v2\/posts\/74124","targetHints":{"allow":["GET"]}}],"collection":[{"href":"https:\/\/primicias2262.com\/noticias\/wp-json\/wp\/v2\/posts"}],"about":[{"href":"https:\/\/primicias2262.com\/noticias\/wp-json\/wp\/v2\/types\/post"}],"author":[{"embeddable":true,"href":"https:\/\/primicias2262.com\/noticias\/wp-json\/wp\/v2\/users\/3"}],"replies":[{"embeddable":true,"href":"https:\/\/primicias2262.com\/noticias\/wp-json\/wp\/v2\/comments?post=74124"}],"version-history":[{"count":0,"href":"https:\/\/primicias2262.com\/noticias\/wp-json\/wp\/v2\/posts\/74124\/revisions"}],"wp:featuredmedia":[{"embeddable":true,"href":"https:\/\/primicias2262.com\/noticias\/wp-json\/"}],"wp:attachment":[{"href":"https:\/\/primicias2262.com\/noticias\/wp-json\/wp\/v2\/media?parent=74124"}],"wp:term":[{"taxonomy":"category","embeddable":true,"href":"https:\/\/primicias2262.com\/noticias\/wp-json\/wp\/v2\/categories?post=74124"},{"taxonomy":"post_tag","embeddable":true,"href":"https:\/\/primicias2262.com\/noticias\/wp-json\/wp\/v2\/tags?post=74124"}],"curies":[{"name":"wp","href":"https:\/\/api.w.org\/{rel}","templated":true}]}}