{"id":74129,"date":"2021-03-16T09:30:49","date_gmt":"2021-03-16T12:30:49","guid":{"rendered":"https:\/\/primicias2262.com\/?p=74129"},"modified":"2021-03-16T09:30:49","modified_gmt":"2021-03-16T12:30:49","slug":"hemos-dejado-a-un-costado-nuestra-raiz-ideologica-en-pos-de-un-proyecto-de-ciudad","status":"publish","type":"post","link":"https:\/\/primicias2262.com\/noticias\/hemos-dejado-a-un-costado-nuestra-raiz-ideologica-en-pos-de-un-proyecto-de-ciudad\/","title":{"rendered":"\u201cHemos dejado a un costado nuestra ra\u00edz ideol\u00f3gica en pos de un proyecto de ciudad\u201d"},"content":{"rendered":"<p><strong>A pesar de sus ra\u00edces radicales y de seguir afiliado al hist\u00f3rico partido, el delegado de Quequ\u00e9n, Bernardo Amilcar asegur\u00f3 que su presente est\u00e1 dentro del proyecto que arm\u00f3 el intendente Arturo Rojas y dej\u00f3 bien en claro: \u00abEn el caso m\u00edo y de otras personas, el partido (Radical) hace 5 a\u00f1os que tom\u00f3 un rumbo ideol\u00f3gico con el que no estamos identificados y nuestra participaci\u00f3n pol\u00edtico partidaria dej\u00f3 de ser tal\u00bb.<\/strong><\/p>\n<p>En un fragmento de la charla con el periodista Jorge G\u00f3mez en el programa \u201cVoces de la Ciudad\u201d, que se emite por FM Vinilo, 103.5 del dial, el delegado de Quequ\u00e9n, Bernardo Amilcar, se refiri\u00f3 a cuestiones de la pol\u00edtica partidaria, donde dej\u00f3 bien en claro que m\u00e1s all\u00e1 de seguir afiliado al radicalismo, su presente lo encuentra bien insertado en el proyecto de Nueva Necochea que encabeza el intendente Arturo Rojas.<\/p>\n<p>Al ser consultado espec\u00edficamente por la cuesti\u00f3n, y teniendo en cuenta el lanzamiento reciente de Nueva Necochea, Amilcar sostuvo que \u201ca\u00fan estoy en el padr\u00f3n del radicalismo, y la decisi\u00f3n dif\u00edcil fue en su momento cuando Arturo (Rojas) nos invit\u00f3 a estar en su proyecto, en el cual ninguna de las partes impuso condiciones\u201d.<\/p>\n<p>Agreg\u00f3 a ello que \u201c\u00e9l nos invit\u00f3 a un proyecto de ciudad y aceptamos sin condicionamientos, y ese proyecto en lo que lleva Arturo Rojas de gobierno se ha dado con creces, y de mi parte lo voy a seguir acompa\u00f1ando en lo que es Nueva Necochea\u201d.<\/p>\n<p>\u00bfPero esto no te enfrenta con tu sector partidario? Al recibir ese planteamiento, el delegado de Quequ\u00e9n fue muy claro al diferenciar que <strong>\u201cen el caso m\u00edo y de otras personas, el partido hace 5 a\u00f1os que tom\u00f3 un rumbo ideol\u00f3gico con el que no estamos identificados y nuestra participaci\u00f3n pol\u00edtico partidaria dej\u00f3 de ser tal<\/strong>, y en el caso m\u00edo entend\u00ed que la ciudad necesitaba el esfuerzo de todos\u201d.<\/p>\n<p>Al respecto, acot\u00f3 que \u201cArturo con su ra\u00edz peronista prefiri\u00f3 poder trabajar en conjunto con personas que vienen de diferentes or\u00edgenes, y hemos dejado a un costado nuestra ra\u00edz ideol\u00f3gica en pos de un proyecto de ciudad, en el cual estamos conformes de estar y seguir acompa\u00f1ando, porque vemos que es el camino para esta ciudad que tantas veces ha demandado un despegue y ahora vemos que se est\u00e1 dando\u201d.<\/p>\n<p><img loading=\"lazy\" decoding=\"async\" class=\"aligncenter size-full wp-image-74131\" src=\"https:\/\/primicias2262.com\/wp-content\/uploads\/2021\/03\/amilcar2.jpg\" alt=\"\" width=\"707\" height=\"960\" \/><\/p>\n","protected":false},"excerpt":{"rendered":"<p>A pesar de sus ra\u00edces radicales y de seguir afiliado al hist\u00f3rico partido, el delegado de Quequ\u00e9n, Bernardo Amilcar asegur\u00f3 que su presente est\u00e1 dentro del proyecto que arm\u00f3 el intendente Arturo Rojas y dej\u00f3 bien en claro: \u00abEn el caso m\u00edo y de otras personas, el partido (Radical) hace 5 a\u00f1os que tom\u00f3 un [&hellip;]<\/p>\n","protected":false},"author":3,"featured_media":74130,"comment_status":"closed","ping_status":"closed","sticky":false,"template":"","format":"standard","meta":{"footnotes":""},"categories":[3],"tags":[],"class_list":{"0":"post-74129","1":"post","2":"type-post","3":"status-publish","4":"format-standard","5":"has-post-thumbnail","7":"category-masnoticias"},"_links":{"self":[{"href":"https:\/\/primicias2262.com\/noticias\/wp-json\/wp\/v2\/posts\/74129","targetHints":{"allow":["GET"]}}],"collection":[{"href":"https:\/\/primicias2262.com\/noticias\/wp-json\/wp\/v2\/posts"}],"about":[{"href":"https:\/\/primicias2262.com\/noticias\/wp-json\/wp\/v2\/types\/post"}],"author":[{"embeddable":true,"href":"https:\/\/primicias2262.com\/noticias\/wp-json\/wp\/v2\/users\/3"}],"replies":[{"embeddable":true,"href":"https:\/\/primicias2262.com\/noticias\/wp-json\/wp\/v2\/comments?post=74129"}],"version-history":[{"count":0,"href":"https:\/\/primicias2262.com\/noticias\/wp-json\/wp\/v2\/posts\/74129\/revisions"}],"wp:featuredmedia":[{"embeddable":true,"href":"https:\/\/primicias2262.com\/noticias\/wp-json\/"}],"wp:attachment":[{"href":"https:\/\/primicias2262.com\/noticias\/wp-json\/wp\/v2\/media?parent=74129"}],"wp:term":[{"taxonomy":"category","embeddable":true,"href":"https:\/\/primicias2262.com\/noticias\/wp-json\/wp\/v2\/categories?post=74129"},{"taxonomy":"post_tag","embeddable":true,"href":"https:\/\/primicias2262.com\/noticias\/wp-json\/wp\/v2\/tags?post=74129"}],"curies":[{"name":"wp","href":"https:\/\/api.w.org\/{rel}","templated":true}]}}