{"id":74136,"date":"2021-03-16T09:41:38","date_gmt":"2021-03-16T12:41:38","guid":{"rendered":"https:\/\/primicias2262.com\/?p=74136"},"modified":"2021-03-16T09:41:38","modified_gmt":"2021-03-16T12:41:38","slug":"como-ordenar-las-vacunas-contra-el-coronavirus-gripe-y-el-neumococo","status":"publish","type":"post","link":"https:\/\/primicias2262.com\/noticias\/como-ordenar-las-vacunas-contra-el-coronavirus-gripe-y-el-neumococo\/","title":{"rendered":"C\u00f3mo ordenar las vacunas contra el coronavirus, gripe y el neumococo"},"content":{"rendered":"<p>Ante la inminente llegada de las bajas temperaturas comenzar\u00e1n a circular los virus responsables de la gripe y el neumococo, por lo que es importante que quienes tienen indicadas las tres vacunas cumplan con la inoculaci\u00f3n contra los otros pat\u00f3genos, pero priorizando la que es contra Covid-19, aseguran especialistas que explican c\u00f3mo ordenar este proceso.<\/p>\n<p>En estos d\u00edas, la Asociaci\u00f3n Argentina de Medicina Respiratoria (AAMR) emiti\u00f3 unas recomendaciones con el fin de unificar criterios para dar informaci\u00f3n clara a los pacientes que, en todos los casos, \u00abes prioritario que reciban la vacunaci\u00f3n contra Covid-19\u00bb.<\/p>\n<p><strong>\u00abComo el turno de vacunaci\u00f3n contra el coronavirus la gente no lo puede manejar y esa inoculaci\u00f3n la queremos priorizar, hay que intentar espaciar todo lo que se pueda ese turno y el de la vacunaci\u00f3n contra la gripe y antineumoc\u00f3ccica\u00bb<\/strong>, detall\u00f3 a T\u00e9lam Alejandro Videla, vicepresidente de la AAMR.<\/p>\n<p>Y continu\u00f3:\u00a0<strong>\u00abSi este espacio puede ser 14 d\u00edas como m\u00ednimo perfecto. Pero si me acabo de dar la vacuna de gripe y al d\u00eda siguiente me llega el turno de la de coronavirus, me vacuno igual<\/strong>, porque la distancia entre las vacunas no es un tema m\u00e9dico en relaci\u00f3n que la vacuna puede perder efecto o generar menos efectos adversos\u00bb.<\/p>\n<p>Videla, quien es tambi\u00e9n m\u00e9dico neum\u00f3logo del Hospital Universitario Austral, se\u00f1al\u00f3 que este intervalo de 14 d\u00edas tiene que ver con \u00abpoder monitorear mejor lo efectos adversos de las vacunas, sobre todo de la del coronavirus que en todos los casos tiene una autorizaci\u00f3n para uso de emergencia\u00bb.<\/p>\n<p>En este contexto, desde la AAMR establecieron\u00a0<strong>cinco escenarios concretos y c\u00f3mo hay que proceder en cada caso.<\/strong><\/p>\n<p>En primer lugar, sugieren a los y las profesionales transmitirles a los pacientes que\u00a0<strong>es prioritario vacunarse contra Covid-19<\/strong>. As\u00ed, si reciben notificaci\u00f3n de fecha de vacunaci\u00f3n de Covid,\u00a0<strong>lo mejor es diferir la vacunaci\u00f3n antineumoc\u00f3ccica o antigripal y priorizar la inoculaci\u00f3n contra coronavirus.<\/strong><\/p>\n<p>En segundo t\u00e9rmino, en caso de haber recibido el esquema completo para Covid se recomienda esperar 14 d\u00edas para vacunaci\u00f3n antigripal y\/o antineumoc\u00f3ccica (que pueden darse juntas).<\/p>\n<p>En el supuesto de haber recibido la primera dosis contra coronavirus, se recomienda esperar a recibir la segunda dosis y luego 15 d\u00edas para vacunaci\u00f3n antigripal y antineumoc\u00f3ccica.<\/p>\n<p>Ahora bien, en caso de estar en lista de espera sin fecha definida para vacuna contra coronavirus la sugerencia es avanzar con la vacunaci\u00f3n antineumoc\u00f3ccica y antigripal.<\/p>\n<p>Finalmente, se\u00f1al\u00f3 Videla,\u00a0<strong>si se recibi\u00f3 la vacuna antigripal y al d\u00eda siguiente se recibe la notificaci\u00f3n para vacunarse contra coronavirus, lo ideal ser\u00eda diferir esta vacunaci\u00f3n para dejar un espacio de 14 d\u00edas pero si esto no es posible, se puede proceder con ambas vacunaciones.<\/strong><\/p>\n<p>\u00abEstas recomendaciones sirven para toda persona que tenga indicaci\u00f3n de recibir las dos (gripe y coronavirus) o en caso de que justo deba recibir la del neumococo (para el que se dan dos dosis en toda la vida)\u00bb, explic\u00f3 Videla.<\/p>\n<p>Y continu\u00f3: \u00abEso incluye personal de salud, esenciales, trabajadores de la industria del alimento y el transporte, personal de seguridad, docentes, aparte de los grupos de riesgo\u00bb.<\/p>\n<p>Desde AAMR explicaron que \u00abdurante la \u00e9poca m\u00e1s fr\u00eda del a\u00f1o ocurre un incremento significativo de las infecciones del tracto respiratorio por el aumento de la circulaci\u00f3n viral, donde diminutos microorganismos encuentran condiciones excepcionales para su persistencia en suspensi\u00f3n en el aire y la transmisi\u00f3n por esa v\u00eda o por contacto a la v\u00eda respiratoria de otras personas\u00bb.<\/p>\n<p>La circulaci\u00f3n de virus respiratorios fue baja en 2020 por el aislamiento, pero no puede descartarse que ante la liberaci\u00f3n de las medidas aumente produciendo una carga mayor de enfermedad, de ah\u00ed la importancia de vacunarse tambi\u00e9n contra gripe y neumococo.<\/p>\n","protected":false},"excerpt":{"rendered":"<p>Ante la inminente llegada de las bajas temperaturas comenzar\u00e1n a circular los virus responsables de la gripe y el neumococo, por lo que es importante que quienes tienen indicadas las tres vacunas cumplan con la inoculaci\u00f3n contra los otros pat\u00f3genos, pero priorizando la que es contra Covid-19, aseguran especialistas que explican c\u00f3mo ordenar este proceso. [&hellip;]<\/p>\n","protected":false},"author":3,"featured_media":74137,"comment_status":"closed","ping_status":"closed","sticky":false,"template":"","format":"standard","meta":{"footnotes":""},"categories":[4],"tags":[],"class_list":{"0":"post-74136","1":"post","2":"type-post","3":"status-publish","4":"format-standard","5":"has-post-thumbnail","7":"category-actualidad"},"_links":{"self":[{"href":"https:\/\/primicias2262.com\/noticias\/wp-json\/wp\/v2\/posts\/74136","targetHints":{"allow":["GET"]}}],"collection":[{"href":"https:\/\/primicias2262.com\/noticias\/wp-json\/wp\/v2\/posts"}],"about":[{"href":"https:\/\/primicias2262.com\/noticias\/wp-json\/wp\/v2\/types\/post"}],"author":[{"embeddable":true,"href":"https:\/\/primicias2262.com\/noticias\/wp-json\/wp\/v2\/users\/3"}],"replies":[{"embeddable":true,"href":"https:\/\/primicias2262.com\/noticias\/wp-json\/wp\/v2\/comments?post=74136"}],"version-history":[{"count":0,"href":"https:\/\/primicias2262.com\/noticias\/wp-json\/wp\/v2\/posts\/74136\/revisions"}],"wp:featuredmedia":[{"embeddable":true,"href":"https:\/\/primicias2262.com\/noticias\/wp-json\/"}],"wp:attachment":[{"href":"https:\/\/primicias2262.com\/noticias\/wp-json\/wp\/v2\/media?parent=74136"}],"wp:term":[{"taxonomy":"category","embeddable":true,"href":"https:\/\/primicias2262.com\/noticias\/wp-json\/wp\/v2\/categories?post=74136"},{"taxonomy":"post_tag","embeddable":true,"href":"https:\/\/primicias2262.com\/noticias\/wp-json\/wp\/v2\/tags?post=74136"}],"curies":[{"name":"wp","href":"https:\/\/api.w.org\/{rel}","templated":true}]}}