{"id":74150,"date":"2021-03-19T09:02:51","date_gmt":"2021-03-19T12:02:51","guid":{"rendered":"https:\/\/primicias2262.com\/?p=74150"},"modified":"2021-03-19T09:02:51","modified_gmt":"2021-03-19T12:02:51","slug":"amilcar-destaco-la-mejora-de-quequen-en-cuanto-a-servicios-basicos-y-cuestiones-sociales","status":"publish","type":"post","link":"https:\/\/primicias2262.com\/noticias\/amilcar-destaco-la-mejora-de-quequen-en-cuanto-a-servicios-basicos-y-cuestiones-sociales\/","title":{"rendered":"Amilcar destac\u00f3 la mejora de Quequ\u00e9n en cuanto a servicios b\u00e1sicos y cuestiones sociales"},"content":{"rendered":"<p><strong>En di\u00e1logo con el periodista Jorge G\u00f3mez en \u201cVoces de la Ciudad\u201d, el delegado municipal de Quequ\u00e9n, Bernardo Amilcar, habl\u00f3 de las diferentes obras p\u00fablicas en la ciudad, sintetizando que \u201cestamos muy contentos con todo el trabajo, pero tenemos que agregar m\u00e1s cosas\u201d.<\/strong><\/p>\n<p>Primeramente se refiri\u00f3 a los trabajos de limpieza urbana, resaltando que \u201cpara nosotros es importante el fuerte apoyo que hace la barredora al barrido de la ciudad, al personal de calle\u2026 va mucho m\u00e1s r\u00e1pido y es m\u00e1s \u00e1gil, incluso en los puentes evita el corte que se hac\u00eda al tr\u00e1nsito para el barrido\u201d.<\/p>\n<p>Respecto a las tareas efectivas que ha realizado y realiza el Ente Vial en las calles de tierra, el delegado se\u00f1al\u00f3 que \u201cdesde que se arranc\u00f3 la gesti\u00f3n hubo mucho trabajo de entoscado en cientos de cuadras que lo necesitaban, no s\u00f3lo por el acceso al vecino a su propia casa sino a su propio barrio. Obvio quedan muchas cuadras por entoscar a\u00fan, es algo fundamental para la vida del quequenense\u201d.<\/p>\n<p>En ese marco, es que afirm\u00f3 que \u201cestamos muy contentos con todo el trabajo que se hizo el a\u00f1o pasado, pero lejos de quedarnos con eso queremos agregar m\u00e1s cosas, ya logramos un piso de lograr servicios b\u00e1sicos como repaso de m\u00e1quinas, corte de c\u00e9sped y mantenimiento de espacios p\u00fablicos, pero ahora estamos con un paso adelante con el bacheo de las calles de hormig\u00f3n, que hac\u00eda bastante que no se hac\u00eda\u201d.<\/p>\n<p>En ese caso puso como ejemplos los trabajos en la calle 519 (o Av. Machado), a la que defini\u00f3 como \u201ccolumna vertebral de Quqqu\u00e9n\u201d, como as\u00ed a la 531, sobre la cual record\u00f3 que \u201cuno de los primeros trabajos que hizo el ente vial el a\u00f1o pasado fue entoscarla de punta a punta, e hizo que el tr\u00e1nsito fluyera enormemente, es una calle tambi\u00e9n columna vertebral que no se usaba y hoy en d\u00eda s\u00ed\u201d.<\/p>\n<p>Adem\u00e1s, Amilcar no s\u00f3lo subray\u00f3 la obra p\u00fablica, sino que resalt\u00f3 tambi\u00e9n \u201cel tema social y todo lo que ha pasado con la salud, y tiene un doble valor en ese sentido la evoluci\u00f3n que ha tenido el Hospital Irurzun, tanto en lo pr\u00e1ctico para cada uno que necesita asistirse en un lugar con mejores servicios, pero tambi\u00e9n desde el punto de vista de estar en un lugar agradable y confortable mientras esper\u00e1s. El hospital es un emblema de Quequ\u00e9n\u201d.<\/p>\n<p>Para ello, el funcionario destac\u00f3 que fue vital \u201cinvolucrar a todos los actores de la sociedad, los mismo empleados del hospital te cuentan con orgullo las obras porque se los escuch\u00f3 a ellos para a organizaci\u00f3n de lo que ser\u00e1 la nueva guardia. Es un trabajo donde se ha complementado el sector privado, la sociedad con el Club de Leones y el Rotary y los esfuerzos del municipio y los empleados\u201d.<\/p>\n","protected":false},"excerpt":{"rendered":"<p>En di\u00e1logo con el periodista Jorge G\u00f3mez en \u201cVoces de la Ciudad\u201d, el delegado municipal de Quequ\u00e9n, Bernardo Amilcar, habl\u00f3 de las diferentes obras p\u00fablicas en la ciudad, sintetizando que \u201cestamos muy contentos con todo el trabajo, pero tenemos que agregar m\u00e1s cosas\u201d. Primeramente se refiri\u00f3 a los trabajos de limpieza urbana, resaltando que \u201cpara [&hellip;]<\/p>\n","protected":false},"author":3,"featured_media":74130,"comment_status":"closed","ping_status":"closed","sticky":false,"template":"","format":"standard","meta":{"footnotes":""},"categories":[3],"tags":[],"class_list":{"0":"post-74150","1":"post","2":"type-post","3":"status-publish","4":"format-standard","5":"has-post-thumbnail","7":"category-masnoticias"},"_links":{"self":[{"href":"https:\/\/primicias2262.com\/noticias\/wp-json\/wp\/v2\/posts\/74150","targetHints":{"allow":["GET"]}}],"collection":[{"href":"https:\/\/primicias2262.com\/noticias\/wp-json\/wp\/v2\/posts"}],"about":[{"href":"https:\/\/primicias2262.com\/noticias\/wp-json\/wp\/v2\/types\/post"}],"author":[{"embeddable":true,"href":"https:\/\/primicias2262.com\/noticias\/wp-json\/wp\/v2\/users\/3"}],"replies":[{"embeddable":true,"href":"https:\/\/primicias2262.com\/noticias\/wp-json\/wp\/v2\/comments?post=74150"}],"version-history":[{"count":0,"href":"https:\/\/primicias2262.com\/noticias\/wp-json\/wp\/v2\/posts\/74150\/revisions"}],"wp:featuredmedia":[{"embeddable":true,"href":"https:\/\/primicias2262.com\/noticias\/wp-json\/"}],"wp:attachment":[{"href":"https:\/\/primicias2262.com\/noticias\/wp-json\/wp\/v2\/media?parent=74150"}],"wp:term":[{"taxonomy":"category","embeddable":true,"href":"https:\/\/primicias2262.com\/noticias\/wp-json\/wp\/v2\/categories?post=74150"},{"taxonomy":"post_tag","embeddable":true,"href":"https:\/\/primicias2262.com\/noticias\/wp-json\/wp\/v2\/tags?post=74150"}],"curies":[{"name":"wp","href":"https:\/\/api.w.org\/{rel}","templated":true}]}}