{"id":74162,"date":"2021-03-16T19:30:03","date_gmt":"2021-03-16T22:30:03","guid":{"rendered":"https:\/\/primicias2262.com\/?p=74162"},"modified":"2021-03-16T19:30:03","modified_gmt":"2021-03-16T22:30:03","slug":"fallecieron-otras-dos-personas-y-ya-son-60-las-muertes-por-covid-en-el-distrito","status":"publish","type":"post","link":"https:\/\/primicias2262.com\/noticias\/fallecieron-otras-dos-personas-y-ya-son-60-las-muertes-por-covid-en-el-distrito\/","title":{"rendered":"Fallecieron otras dos personas y ya son 60 las muertes por Covid en el distrito"},"content":{"rendered":"<p>El reporte de la Secretar\u00eda de Salud en esta tarde lluviosa de martes vino con la triste novedad de que fallecieron otras dos personas de la ciudad a causa del coronavirus, por lo que el n\u00famero de muertes a nivel local aument\u00f3 a 60 desde el inicio de la pandemia.<\/p>\n<p>En cuanto a contagios, se registraron 22 nuevos positivos, mientras que 69 resultados dieron negativo y 23 pacientes recuperaron el alta. De esa manera, la curva no vari\u00f3 demasiado y los casos activos de Covid son 210 actualmente, perteneciendo 209 a Necochea-Quequ\u00e9n y s\u00f3lo uno a la localidad de La Dulce.<\/p>\n<p><img loading=\"lazy\" decoding=\"async\" class=\"aligncenter size-full wp-image-74165\" src=\"https:\/\/primicias2262.com\/wp-content\/uploads\/2021\/03\/placa-covid-16-03.jpg\" alt=\"\" width=\"1280\" height=\"819\" \/><\/p>\n","protected":false},"excerpt":{"rendered":"<p>El reporte de la Secretar\u00eda de Salud en esta tarde lluviosa de martes vino con la triste novedad de que fallecieron otras dos personas de la ciudad a causa del coronavirus, por lo que el n\u00famero de muertes a nivel local aument\u00f3 a 60 desde el inicio de la pandemia. En cuanto a contagios, se [&hellip;]<\/p>\n","protected":false},"author":3,"featured_media":70564,"comment_status":"closed","ping_status":"closed","sticky":false,"template":"","format":"standard","meta":{"footnotes":""},"categories":[3],"tags":[],"class_list":{"0":"post-74162","1":"post","2":"type-post","3":"status-publish","4":"format-standard","5":"has-post-thumbnail","7":"category-masnoticias"},"_links":{"self":[{"href":"https:\/\/primicias2262.com\/noticias\/wp-json\/wp\/v2\/posts\/74162","targetHints":{"allow":["GET"]}}],"collection":[{"href":"https:\/\/primicias2262.com\/noticias\/wp-json\/wp\/v2\/posts"}],"about":[{"href":"https:\/\/primicias2262.com\/noticias\/wp-json\/wp\/v2\/types\/post"}],"author":[{"embeddable":true,"href":"https:\/\/primicias2262.com\/noticias\/wp-json\/wp\/v2\/users\/3"}],"replies":[{"embeddable":true,"href":"https:\/\/primicias2262.com\/noticias\/wp-json\/wp\/v2\/comments?post=74162"}],"version-history":[{"count":0,"href":"https:\/\/primicias2262.com\/noticias\/wp-json\/wp\/v2\/posts\/74162\/revisions"}],"wp:featuredmedia":[{"embeddable":true,"href":"https:\/\/primicias2262.com\/noticias\/wp-json\/"}],"wp:attachment":[{"href":"https:\/\/primicias2262.com\/noticias\/wp-json\/wp\/v2\/media?parent=74162"}],"wp:term":[{"taxonomy":"category","embeddable":true,"href":"https:\/\/primicias2262.com\/noticias\/wp-json\/wp\/v2\/categories?post=74162"},{"taxonomy":"post_tag","embeddable":true,"href":"https:\/\/primicias2262.com\/noticias\/wp-json\/wp\/v2\/tags?post=74162"}],"curies":[{"name":"wp","href":"https:\/\/api.w.org\/{rel}","templated":true}]}}