{"id":74175,"date":"2021-03-17T10:04:08","date_gmt":"2021-03-17T13:04:08","guid":{"rendered":"https:\/\/primicias2262.com\/?p=74175"},"modified":"2021-03-17T10:04:08","modified_gmt":"2021-03-17T13:04:08","slug":"la-inscripcion-al-boleto-estudiantil-gratuito-esta-abierta-hasta-el-16-de-abril","status":"publish","type":"post","link":"https:\/\/primicias2262.com\/noticias\/la-inscripcion-al-boleto-estudiantil-gratuito-esta-abierta-hasta-el-16-de-abril\/","title":{"rendered":"La inscripci\u00f3n al Boleto Estudiantil Gratuito est\u00e1 abierta hasta el 16 de abril"},"content":{"rendered":"<p><strong>La Municipalidad empez\u00f3 a implementar el programa esta semana y a\u00fan hay un mes por delante para todos aquellos alumnos que quieran obtener el beneficio.<\/strong><\/p>\n<p>Sobre este tema dialog\u00f3 este martes el periodista Jorge G\u00f3mez en \u201cVoces de la Ciudad\u201d con Valeria Garrido, responsable del \u00c1rea de Juventud municipal, quien explic\u00f3 la metodolog\u00eda implementada este a\u00f1o, en el contexto de la pandemia de coronavirus.<\/p>\n<p>\u201cPara que no se acumule gente en el Centro C\u00edvico, este a\u00f1o decidimos que los estudiantes o padres que vayan a hacer el tr\u00e1mite de la SUBE para el Boleto Estudiantil, se acerquen al Centro C\u00edvico con la documentaci\u00f3n (fotocopia del DNI y constancia de alumno regular, y ser\u00eda importante que lleven anotado en la fotocopia un mail y un tel\u00e9fono de contacto), la cual ser\u00e1 recepcionada y en el transcurso de las 24 horas van a recibir un mail confirmando que ya est\u00e1n inscriptos y tienen acceso al Boleto Estudiantil\u201d.<\/p>\n<p>\u201cDespu\u00e9s de eso, el estudiante debe dirigirse con la tarjeta SUBE a un punto TAS, para lo que cuentan con un mapa en el mail para poder localizar el punto m\u00e1s cercano para ir y habilitar la tarjeta para obtener dicho beneficio\u201d agreg\u00f3 Garrido..<\/p>\n<p>Adem\u00e1s de la documentaci\u00f3n requerida, se recuerda que para obtener el beneficio hay que pertenecer a un establecimiento educativo p\u00fablico, y en caso de pertenecer a un privado el alumno debe estar becado al cien por ciento, y en caso de no estar becado, se descuenta el 20% del valor del boleto. Adem\u00e1s, el beneficiario deber\u00e1 estar domiciliado a m\u00e1s de mil metros de distancia del establecimiento educativo al que concurre.<\/p>\n<p>Para tales fines, se atiende en la estaci\u00f3n SUBE d ela planta baja del Centro C\u00edvico, en 58 y 61, de lunes a viernes de 8.15 hasta las 14, y mismo horario en la Delegaci\u00f3n Municipal de Quequ\u00e9n, en 521 y 560. Incluso, hay a disposici\u00f3n un c\u00f3digo QR para acceder al mapa interactivo del recorrido de las l\u00edneas de transporte p\u00fablico.<\/p>\n<p>Asimismo, Valeria aclar\u00f3 que \u201clos que poseen una SUBE deber\u00e1n llevarla para cargarla, y los que no deber\u00e1n comprarla en un comercio adherido. Es importante remarcar que la tarjeta tiene que estar al nombre del titular o ser nueva, ya que no se puede utilizar la tarjeta de los padres o de un hermano\u201d.<\/p>\n<p>\u201cLa idea es que sea un tr\u00e1mite r\u00e1pido y desalentar la presencia de mucha gente haci\u00e9ndolo, incluso puede ir un hermano y hacer el tr\u00e1mite del otro si cuenta con la documentaci\u00f3n\u201d, asever\u00f3, para recordar que \u201chasta el viernes 16 de abril est\u00e1 abierta la inscripci\u00f3n\u201d.<\/p>\n","protected":false},"excerpt":{"rendered":"<p>La Municipalidad empez\u00f3 a implementar el programa esta semana y a\u00fan hay un mes por delante para todos aquellos alumnos que quieran obtener el beneficio. Sobre este tema dialog\u00f3 este martes el periodista Jorge G\u00f3mez en \u201cVoces de la Ciudad\u201d con Valeria Garrido, responsable del \u00c1rea de Juventud municipal, quien explic\u00f3 la metodolog\u00eda implementada este [&hellip;]<\/p>\n","protected":false},"author":3,"featured_media":74177,"comment_status":"closed","ping_status":"closed","sticky":false,"template":"","format":"standard","meta":{"footnotes":""},"categories":[3],"tags":[],"class_list":{"0":"post-74175","1":"post","2":"type-post","3":"status-publish","4":"format-standard","5":"has-post-thumbnail","7":"category-masnoticias"},"_links":{"self":[{"href":"https:\/\/primicias2262.com\/noticias\/wp-json\/wp\/v2\/posts\/74175","targetHints":{"allow":["GET"]}}],"collection":[{"href":"https:\/\/primicias2262.com\/noticias\/wp-json\/wp\/v2\/posts"}],"about":[{"href":"https:\/\/primicias2262.com\/noticias\/wp-json\/wp\/v2\/types\/post"}],"author":[{"embeddable":true,"href":"https:\/\/primicias2262.com\/noticias\/wp-json\/wp\/v2\/users\/3"}],"replies":[{"embeddable":true,"href":"https:\/\/primicias2262.com\/noticias\/wp-json\/wp\/v2\/comments?post=74175"}],"version-history":[{"count":0,"href":"https:\/\/primicias2262.com\/noticias\/wp-json\/wp\/v2\/posts\/74175\/revisions"}],"wp:featuredmedia":[{"embeddable":true,"href":"https:\/\/primicias2262.com\/noticias\/wp-json\/"}],"wp:attachment":[{"href":"https:\/\/primicias2262.com\/noticias\/wp-json\/wp\/v2\/media?parent=74175"}],"wp:term":[{"taxonomy":"category","embeddable":true,"href":"https:\/\/primicias2262.com\/noticias\/wp-json\/wp\/v2\/categories?post=74175"},{"taxonomy":"post_tag","embeddable":true,"href":"https:\/\/primicias2262.com\/noticias\/wp-json\/wp\/v2\/tags?post=74175"}],"curies":[{"name":"wp","href":"https:\/\/api.w.org\/{rel}","templated":true}]}}