{"id":74178,"date":"2021-03-17T10:15:31","date_gmt":"2021-03-17T13:15:31","guid":{"rendered":"https:\/\/primicias2262.com\/?p=74178"},"modified":"2021-03-17T10:15:31","modified_gmt":"2021-03-17T13:15:31","slug":"cayeron-postes-y-cables-por-el-viento-pero-no-hubo-mayores-inconvenientes","status":"publish","type":"post","link":"https:\/\/primicias2262.com\/noticias\/cayeron-postes-y-cables-por-el-viento-pero-no-hubo-mayores-inconvenientes\/","title":{"rendered":"Cayeron postes y cables por el viento pero \u201cno hubo mayores inconvenientes\u201d"},"content":{"rendered":"<p><strong>As\u00ed lo confirm\u00f3 el director de Defensa Civil, Augusto Fulton, aunque se\u00f1al\u00f3 que la comunidad tome precauciones ante los fuertes vientos del sur-sureste que van a continuar este martes.<\/strong><\/p>\n<p>\u201cPor la ma\u00f1ana en la costa hubo r\u00e1fagas de 73 km\/h, pero no pas\u00f3 nada de gravedad respecto al viento, s\u00f3lo algunos cables cortados en la madrugada, en los que trabaj\u00f3 la Usina Popular Cooperativa, y algunos postes, pero gracias a Dios no hay mayores inconvenientes\u201d, asegur\u00f3 el funcionario ante la consulta del periodista Jorge G\u00f3mez en el programa radial \u201cVoces de la Ciudad\u201d.<\/p>\n<p>Asimismo, Fulton reporto la ca\u00edda de una rama muy grande en calle 76 entre 57 y 59, \u201cpero todo solucionado y est\u00e1 todo bastante tranquilo\u201d. De todas formas, se mantienen atentos ante cualquier requerimiento de la comunidad, estando a disposici\u00f3n la l\u00ednea directa 103 que opera las 24 horas.<\/p>\n<p><img loading=\"lazy\" decoding=\"async\" class=\"aligncenter size-full wp-image-74166\" src=\"https:\/\/primicias2262.com\/wp-content\/uploads\/2021\/03\/placas-precaucion-tormentas.jpg\" alt=\"\" width=\"1280\" height=\"1280\" \/><\/p>\n<p><img loading=\"lazy\" decoding=\"async\" class=\"aligncenter size-full wp-image-74164\" src=\"https:\/\/primicias2262.com\/wp-content\/uploads\/2021\/03\/placa-clima2.jpg\" alt=\"\" width=\"1080\" height=\"1068\" \/><\/p>\n<p><img loading=\"lazy\" decoding=\"async\" class=\"aligncenter size-full wp-image-74163\" src=\"https:\/\/primicias2262.com\/wp-content\/uploads\/2021\/03\/placa-clima1.jpg\" alt=\"\" width=\"1080\" height=\"1084\" \/><\/p>\n","protected":false},"excerpt":{"rendered":"<p>As\u00ed lo confirm\u00f3 el director de Defensa Civil, Augusto Fulton, aunque se\u00f1al\u00f3 que la comunidad tome precauciones ante los fuertes vientos del sur-sureste que van a continuar este martes. \u201cPor la ma\u00f1ana en la costa hubo r\u00e1fagas de 73 km\/h, pero no pas\u00f3 nada de gravedad respecto al viento, s\u00f3lo algunos cables cortados en la [&hellip;]<\/p>\n","protected":false},"author":3,"featured_media":74157,"comment_status":"closed","ping_status":"closed","sticky":false,"template":"","format":"standard","meta":{"footnotes":""},"categories":[3],"tags":[],"class_list":{"0":"post-74178","1":"post","2":"type-post","3":"status-publish","4":"format-standard","5":"has-post-thumbnail","7":"category-masnoticias"},"_links":{"self":[{"href":"https:\/\/primicias2262.com\/noticias\/wp-json\/wp\/v2\/posts\/74178","targetHints":{"allow":["GET"]}}],"collection":[{"href":"https:\/\/primicias2262.com\/noticias\/wp-json\/wp\/v2\/posts"}],"about":[{"href":"https:\/\/primicias2262.com\/noticias\/wp-json\/wp\/v2\/types\/post"}],"author":[{"embeddable":true,"href":"https:\/\/primicias2262.com\/noticias\/wp-json\/wp\/v2\/users\/3"}],"replies":[{"embeddable":true,"href":"https:\/\/primicias2262.com\/noticias\/wp-json\/wp\/v2\/comments?post=74178"}],"version-history":[{"count":0,"href":"https:\/\/primicias2262.com\/noticias\/wp-json\/wp\/v2\/posts\/74178\/revisions"}],"wp:featuredmedia":[{"embeddable":true,"href":"https:\/\/primicias2262.com\/noticias\/wp-json\/"}],"wp:attachment":[{"href":"https:\/\/primicias2262.com\/noticias\/wp-json\/wp\/v2\/media?parent=74178"}],"wp:term":[{"taxonomy":"category","embeddable":true,"href":"https:\/\/primicias2262.com\/noticias\/wp-json\/wp\/v2\/categories?post=74178"},{"taxonomy":"post_tag","embeddable":true,"href":"https:\/\/primicias2262.com\/noticias\/wp-json\/wp\/v2\/tags?post=74178"}],"curies":[{"name":"wp","href":"https:\/\/api.w.org\/{rel}","templated":true}]}}