{"id":74192,"date":"2021-03-17T12:26:40","date_gmt":"2021-03-17T15:26:40","guid":{"rendered":"https:\/\/primicias2262.com\/?p=74192"},"modified":"2021-03-17T12:26:40","modified_gmt":"2021-03-17T15:26:40","slug":"las-paso-se-realizaran-el-8-de-agosto-y-los-comicios-seran-el-24-de-octubre","status":"publish","type":"post","link":"https:\/\/primicias2262.com\/noticias\/las-paso-se-realizaran-el-8-de-agosto-y-los-comicios-seran-el-24-de-octubre\/","title":{"rendered":"Las PASO se realizar\u00e1n el 8 de agosto y los comicios ser\u00e1n el 24 de octubre"},"content":{"rendered":"<p>Lo estableci\u00f3 este martes la C\u00e1mara Nacional Electoral para las elecciones generales de renovaci\u00f3n parlamentaria.<\/p>\n<p>La C\u00e1mara Nacional Electoral difundi\u00f3\u00a0<strong>el cronograma electoral previsto para cubrir cargos parlamentarios, en el que se estableci\u00f3 que las Primarias Abiertas Simult\u00e1neas y Obligatorias (PASO)<\/strong>\u00a0ser\u00e1n el 8 de agosto pr\u00f3ximo, dos meses y medio antes de los comicios generales, fijados para el 24 de octubre, se inform\u00f3 oficialmente.<\/p>\n<p>De acuerdo con el esquema, la campa\u00f1a electoral para las primarias se iniciar\u00e1 el 19 de junio, y finalizar\u00e1 el 6 de agosto a las ocho horas, dos d\u00edas antes de la votaci\u00f3n. A su vez, la campa\u00f1a electoral para las elecciones generales comenzar\u00e1 el 4 de setiembre y concluir\u00e1 el 22 de octubre, ambas con una duraci\u00f3n de 50 d\u00edas.<\/p>\n<p><strong>Los ciudadanos tendr\u00e1n tiempo hasta el 27 de abril para incorporar cambios con respecto a sus datos personales, como modificaciones de estado y mudanzas de domicilio, ya que en esa fecha cerrar\u00e1 el padr\u00f3n provisorio, el cual ser\u00e1 publicado el 7 de mayo.<\/strong><\/p>\n<p>El 21 de mayo, en tanto concluir\u00e1 el plazo para que los electores puedan efectuar reclamos sobre sus datos y solicitar la eliminaci\u00f3n de los fallecidos, y est\u00e1 prevista la publicaci\u00f3n del padr\u00f3n definitivo para el 9 de julio.<\/p>\n<p>Con respecto de los partidos pol\u00edticos, el d\u00eda 9 de junio finalizar\u00e1 el plazo para solicitar reconocimiento de alianzas transitorias y confederaciones para participar en los comicios, mientras que tendr\u00e1n tiempo hasta el 14 del mismo mes para pedir la asignaci\u00f3n de colores para las boletas para las PASO y las elecciones generales<\/p>\n<p>Los actos p\u00fablicos susceptibles de promover la captaci\u00f3n del sufragio quedar\u00e1n prohibidos a partir del 14 de julio (25 d\u00edas antes de las PASO), y desde el 31 de julio no se podr\u00e1n publicar y difundir encuestas y sondeos preelectorales ni realizar actos p\u00fablicos de proselitismo.<\/p>\n<p>El 8 de agosto, d\u00eda en que se realizar\u00e1n las PASO, queda prohibida entre las 18 y las 21 la publicaci\u00f3n o difusi\u00f3n de encuestas y proyecciones sobre el resultado de la elecci\u00f3n, cuyo escrutinio definitivo se iniciar\u00e1 el 10 de agosto a las 18.<\/p>\n<p>En tanto, superadas las PASO, a partir del 4 de septiembre podr\u00e1n realizar actos de campa\u00f1a los partidos pol\u00edticos que hayan logrado oficializar a sus candidatos hasta el 22 de octubre, fecha en que se iniciar\u00e1 la veda de 48 horas previas a los comicios generales del 24.<\/p>\n<p>Seg\u00fan el cronograma difundido por la CNE, ocho d\u00edas antes de esa votaci\u00f3n, el 16 de octubre comenzar\u00e1 a regir la prohibici\u00f3n de publicar o difundir encuestas o sondeos de opini\u00f3n y pron\u00f3sticos electorales.<\/p>\n<p>El 19 de setiembre comienza de la campa\u00f1a electoral en medios de comunicaci\u00f3n audiovisual; el 9 de octubre se proceder\u00e1 a la difusi\u00f3n de los lugares y mesas de votaci\u00f3n, y el d\u00eda de las elecciones generales, el 24 de octubre, estar\u00e1 prohibido entre las 18 y las 21 \u2013al igual que en las PASO&#8211; publicar o difundir encuestas y proyecciones sobre el resultado de la elecci\u00f3n<\/p>\n<p>El comienzo del escrutinio definitivo de los comicios generales est\u00e1 previsto para el 26 de octubre a las 18, mientras que el 31 de diciembre de este a\u00f1o concluir\u00e1 el plazo para justificar la no emisi\u00f3n del voto.<\/p>\n<p>Fuentes de la C\u00e1mara Nacional electoral se\u00f1alaron que \u201cse avanza en la organizaci\u00f3n de los comicios porque es una obligaci\u00f3n determinada por la ley de las PASO y el C\u00f3digo Nacional, donde se fijan los plazos que hay que respetar\u201d, en forma independiente \u201cde lo que posteriormente resuelva la pol\u00edtica\u201d.<\/p>\n<p>\u201cUna vez que se aprueba el calendario electoral, siempre se lo da a conocer, y as\u00ed ocurri\u00f3 en el 2017, cuando se difundi\u00f3 en febrero, y en el 2019, en se conoci\u00f3 oficialmente en marzo\u201d, comentaron luego de la acordada de los miembros de la C\u00e1mara que hoy dieron el visto bueno al cronograma.<\/p>\n<p>Esto no implica, aclararon, tomar posici\u00f3n alguna respecto al debate y alternativas que se discuten en torno a una posible postergaci\u00f3n del calendario electoral o a la suspensi\u00f3n de las PASO por una \u00fanica vez, con motivo de la pandemia, un tema que sigue pendiente en el Congreso.<\/p>\n<p>Precisamente, fue el propio presidente Alberto Fern\u00e1ndez quien, en declaraciones realizadas el lunes a Canal 9, se\u00f1al\u00f3 que la realizaci\u00f3n de las PASO debe \u00abresolverla\u00bb el Congreso, aunque apunt\u00f3 que \u00ablos gobernadores insisten\u00bb en suspenderlas y \u00abtienen un argumento interesante\u00bb.<\/p>\n<p>Agreg\u00f3 el jefe del Estado que, en referencia a que esos comicios se efectuar\u00e1n en agosto, que \u201ces el peor mes del invierno, y que si la pandemia subsiste nos estamos exponiendo a un riesgo muy grande\u00bb.<\/p>\n<div class=\"auth\">Los otros hitos<\/div>\n<p><strong>25 de agosto<\/strong>: Constituci\u00f3n de las Juntas Electorales Nacionales.<\/p>\n<p><strong>27 de agosto<\/strong>: Fin del plazo para asignar espacios de publicidad en medios de comunicaci\u00f3n audiovisual por sorteo p\u00fablico realizado por la Direcci\u00f3n Nacional Electoral (DINE).<\/p>\n<p><strong>4 de septiembre<\/strong>: Fin del plazo para la registraci\u00f3n de candidatos proclamados en las PASO.<\/p>\n<p><strong>19 de septiembre<\/strong>: Inicio de la campa\u00f1a electoral en medios de comunicaci\u00f3n audiovisual.<\/p>\n<p><strong>24 de septiembre<\/strong>: Impresi\u00f3n y publicaci\u00f3n de los padrones definitivos; presentaci\u00f3n ante las Juntas Electorales Nacionales de los modelos de boletas; ratificaci\u00f3n de las autoridades de mesa designadas e inicio de la difusi\u00f3n de mensajes institucionales de formaci\u00f3n c\u00edvica y educaci\u00f3n digital sobre uso responsable y cr\u00edtico de la informaci\u00f3n electoral.<\/p>\n<p><strong>7 de octubre<\/strong>: Fin del plazo para justificar la no emisi\u00f3n del voto en las PASO.<\/p>\n<p><strong>9 de octubre<\/strong>: Difusi\u00f3n de los lugares y mesas de votaci\u00f3n.<\/p>\n","protected":false},"excerpt":{"rendered":"<p>Lo estableci\u00f3 este martes la C\u00e1mara Nacional Electoral para las elecciones generales de renovaci\u00f3n parlamentaria. La C\u00e1mara Nacional Electoral difundi\u00f3\u00a0el cronograma electoral previsto para cubrir cargos parlamentarios, en el que se estableci\u00f3 que las Primarias Abiertas Simult\u00e1neas y Obligatorias (PASO)\u00a0ser\u00e1n el 8 de agosto pr\u00f3ximo, dos meses y medio antes de los comicios generales, fijados [&hellip;]<\/p>\n","protected":false},"author":3,"featured_media":74193,"comment_status":"closed","ping_status":"closed","sticky":false,"template":"","format":"standard","meta":{"footnotes":""},"categories":[4],"tags":[],"class_list":{"0":"post-74192","1":"post","2":"type-post","3":"status-publish","4":"format-standard","5":"has-post-thumbnail","7":"category-actualidad"},"_links":{"self":[{"href":"https:\/\/primicias2262.com\/noticias\/wp-json\/wp\/v2\/posts\/74192","targetHints":{"allow":["GET"]}}],"collection":[{"href":"https:\/\/primicias2262.com\/noticias\/wp-json\/wp\/v2\/posts"}],"about":[{"href":"https:\/\/primicias2262.com\/noticias\/wp-json\/wp\/v2\/types\/post"}],"author":[{"embeddable":true,"href":"https:\/\/primicias2262.com\/noticias\/wp-json\/wp\/v2\/users\/3"}],"replies":[{"embeddable":true,"href":"https:\/\/primicias2262.com\/noticias\/wp-json\/wp\/v2\/comments?post=74192"}],"version-history":[{"count":0,"href":"https:\/\/primicias2262.com\/noticias\/wp-json\/wp\/v2\/posts\/74192\/revisions"}],"wp:featuredmedia":[{"embeddable":true,"href":"https:\/\/primicias2262.com\/noticias\/wp-json\/"}],"wp:attachment":[{"href":"https:\/\/primicias2262.com\/noticias\/wp-json\/wp\/v2\/media?parent=74192"}],"wp:term":[{"taxonomy":"category","embeddable":true,"href":"https:\/\/primicias2262.com\/noticias\/wp-json\/wp\/v2\/categories?post=74192"},{"taxonomy":"post_tag","embeddable":true,"href":"https:\/\/primicias2262.com\/noticias\/wp-json\/wp\/v2\/tags?post=74192"}],"curies":[{"name":"wp","href":"https:\/\/api.w.org\/{rel}","templated":true}]}}