{"id":74195,"date":"2021-03-17T12:33:40","date_gmt":"2021-03-17T15:33:40","guid":{"rendered":"https:\/\/primicias2262.com\/?p=74195"},"modified":"2021-03-17T12:33:40","modified_gmt":"2021-03-17T15:33:40","slug":"jorge-alvaro-comunico-la-intencion-de-ampliar-la-capacidad-de-muelle-pensando-en-la-pesca","status":"publish","type":"post","link":"https:\/\/primicias2262.com\/noticias\/jorge-alvaro-comunico-la-intencion-de-ampliar-la-capacidad-de-muelle-pensando-en-la-pesca\/","title":{"rendered":"Jorge Alvaro comunic\u00f3 la intenci\u00f3n de \u201campliar la capacidad de muelle, pensando en la pesca\u201d"},"content":{"rendered":"<p><strong>Con la consideraci\u00f3n firme de incluir a la actividad pesquera en los planes de crecimiento para Puerto Quequ\u00e9n, el Presidente del Consorcio de Gesti\u00f3n, Jorge Alvaro, asegur\u00f3 que \u201ctenemos una idea de ampliar la capacidad de muelle, pensando en la pesca, aguas arriba del r\u00edo, antes del Puente Ezcurra\u201d.<\/strong><\/p>\n<p>En el encuentro con uno de los representantes de la hist\u00f3rica banquina de los pescadores, Sebasti\u00e1n Polimeni, el viernes 12 de marzo, en las oficinas del Consorcio de Gesti\u00f3n, Alvaro propuso \u201chacer un borrador t\u00e9cnico de la posibilidad de ampliaci\u00f3n del muelle sobre las dos m\u00e1rgenes del r\u00edo con vistas al uso pesquero y llamar a una reuni\u00f3n a todos los sectores de la pesca de Puerto Quequ\u00e9n y a alguna empresa que ha solicitado ingresar a trabajar.<br \/>\nSentarlos a todos y escuchar propuestas, objeciones, modificaciones, para ver si podemos consensuar un proyecto\u201d.<\/p>\n<p>\u201cSi logr\u00e1ramos tener un dise\u00f1o, nosotros lo perfeccionar\u00edamos, har\u00edamos los estudios t\u00e9cnicos de rigor y pasar\u00edamos a hablar de la financiaci\u00f3n. Vamos a invertir pero no vamos a regalar nada\u201d, afirm\u00f3 el Presidente del Consorcio de Gesti\u00f3n de Puerto Quequ\u00e9n.<\/p>\n<p><img loading=\"lazy\" decoding=\"async\" class=\"aligncenter size-full wp-image-74197\" src=\"https:\/\/primicias2262.com\/wp-content\/uploads\/2021\/03\/pampa-alavaro.jpg\" alt=\"\" width=\"355\" height=\"355\" \/><\/p>\n<p>En este sentido, est\u00e1 avanzada la ejecuci\u00f3n de una obra imprescindible: el soterramiento de la l\u00ednea de 132 KV que atraviesa el r\u00edo Quequ\u00e9n sobre los muelles 7\/8 de la estaci\u00f3n mar\u00edtima.<\/p>\n<p>Sin embargo, Jorge Alvaro explic\u00f3 que \u201ccuando uno encara una de estas iniciativas es a dos o tres a\u00f1os vista. Y hoy en base a las proyecciones de la operaci\u00f3n de buques de mayor tama\u00f1o, con hasta 40 metros m\u00e1s de eslora que los actuales, est\u00e1 claro que vamos a vivir una presi\u00f3n de necesidad de muelle; y no podemos demorarnos dos o tres a\u00f1os para hacer un muelle nuevo. Tenemos que usar lo que hay\u201d.<\/p>\n<p>Vale recordar que en la tarde del jueves 11, durante su participaci\u00f3n en la Mesa Redonda de la apertura oficial de la 52\u00ba Fiesta provincial del Trigo en Tres Arroyos, Alvaro hab\u00eda adelantado que \u201cla intenci\u00f3n del Gobernador es que el puerto se diversifique. Estamos discutiendo el regreso de la pesca y tambi\u00e9n la incorporaci\u00f3n del tr\u00e1fico de contenedores\u201d.<\/p>\n","protected":false},"excerpt":{"rendered":"<p>Con la consideraci\u00f3n firme de incluir a la actividad pesquera en los planes de crecimiento para Puerto Quequ\u00e9n, el Presidente del Consorcio de Gesti\u00f3n, Jorge Alvaro, asegur\u00f3 que \u201ctenemos una idea de ampliar la capacidad de muelle, pensando en la pesca, aguas arriba del r\u00edo, antes del Puente Ezcurra\u201d. En el encuentro con uno de [&hellip;]<\/p>\n","protected":false},"author":3,"featured_media":74196,"comment_status":"closed","ping_status":"closed","sticky":false,"template":"","format":"standard","meta":{"footnotes":""},"categories":[3],"tags":[],"class_list":{"0":"post-74195","1":"post","2":"type-post","3":"status-publish","4":"format-standard","5":"has-post-thumbnail","7":"category-masnoticias"},"_links":{"self":[{"href":"https:\/\/primicias2262.com\/noticias\/wp-json\/wp\/v2\/posts\/74195","targetHints":{"allow":["GET"]}}],"collection":[{"href":"https:\/\/primicias2262.com\/noticias\/wp-json\/wp\/v2\/posts"}],"about":[{"href":"https:\/\/primicias2262.com\/noticias\/wp-json\/wp\/v2\/types\/post"}],"author":[{"embeddable":true,"href":"https:\/\/primicias2262.com\/noticias\/wp-json\/wp\/v2\/users\/3"}],"replies":[{"embeddable":true,"href":"https:\/\/primicias2262.com\/noticias\/wp-json\/wp\/v2\/comments?post=74195"}],"version-history":[{"count":0,"href":"https:\/\/primicias2262.com\/noticias\/wp-json\/wp\/v2\/posts\/74195\/revisions"}],"wp:featuredmedia":[{"embeddable":true,"href":"https:\/\/primicias2262.com\/noticias\/wp-json\/"}],"wp:attachment":[{"href":"https:\/\/primicias2262.com\/noticias\/wp-json\/wp\/v2\/media?parent=74195"}],"wp:term":[{"taxonomy":"category","embeddable":true,"href":"https:\/\/primicias2262.com\/noticias\/wp-json\/wp\/v2\/categories?post=74195"},{"taxonomy":"post_tag","embeddable":true,"href":"https:\/\/primicias2262.com\/noticias\/wp-json\/wp\/v2\/tags?post=74195"}],"curies":[{"name":"wp","href":"https:\/\/api.w.org\/{rel}","templated":true}]}}