{"id":74199,"date":"2021-03-17T12:36:13","date_gmt":"2021-03-17T15:36:13","guid":{"rendered":"https:\/\/primicias2262.com\/?p=74199"},"modified":"2021-03-17T12:36:13","modified_gmt":"2021-03-17T15:36:13","slug":"avanza-la-planta-de-separacion-de-residuos-en-loberia","status":"publish","type":"post","link":"https:\/\/primicias2262.com\/noticias\/avanza-la-planta-de-separacion-de-residuos-en-loberia\/","title":{"rendered":"Avanza la planta de separaci\u00f3n de residuos en Lober\u00eda"},"content":{"rendered":"<p>En el Sector de Materiales Recuperables (Semar) de Lober\u00eda se contin\u00faa avanzando con la construcci\u00f3n de la planta de separaci\u00f3n de residuos.<\/p>\n<p>Se trata de un galp\u00f3n de 12 por 30 metros, donde se alojar\u00e1 una planta para separaci\u00f3n de residuos, con el objetivo de continuar recuperando materiales reciclables, reducir la cantidad de residuos que se depositan en el basurero y seguir fomentando el cuidado del medio ambiente.<\/p>\n<p>La construcci\u00f3n de la estructura implica una inversi\u00f3n de $3.900.000. Ya se encuentra techada, con sus laterales finalizados y se est\u00e1 procediendo a la colocaci\u00f3n de portones de acceso.<\/p>\n<p>Est\u00e1 ubicado en el SEMAR, en el predio contiguo al basurero, donde se depositan pl\u00e1stico, papel, cart\u00f3n, vidrio y latas que son recolectados mediante la iniciativa Jueves Verdes para su reciclaje. El lugar tambi\u00e9n cuenta con sectores para el acopio de neum\u00e1ticos, restos de poda, y envases de agroqu\u00edmicos con triple lavado e inutilizados. Los vecinos que lo deseen pueden acercar por su cuenta los residuos recuperables, de lunes a viernes de 8 a 20 hs.<\/p>\n","protected":false},"excerpt":{"rendered":"<p>En el Sector de Materiales Recuperables (Semar) de Lober\u00eda se contin\u00faa avanzando con la construcci\u00f3n de la planta de separaci\u00f3n de residuos. Se trata de un galp\u00f3n de 12 por 30 metros, donde se alojar\u00e1 una planta para separaci\u00f3n de residuos, con el objetivo de continuar recuperando materiales reciclables, reducir la cantidad de residuos que [&hellip;]<\/p>\n","protected":false},"author":3,"featured_media":74200,"comment_status":"closed","ping_status":"closed","sticky":false,"template":"","format":"standard","meta":{"footnotes":""},"categories":[4],"tags":[],"class_list":{"0":"post-74199","1":"post","2":"type-post","3":"status-publish","4":"format-standard","5":"has-post-thumbnail","7":"category-actualidad"},"_links":{"self":[{"href":"https:\/\/primicias2262.com\/noticias\/wp-json\/wp\/v2\/posts\/74199","targetHints":{"allow":["GET"]}}],"collection":[{"href":"https:\/\/primicias2262.com\/noticias\/wp-json\/wp\/v2\/posts"}],"about":[{"href":"https:\/\/primicias2262.com\/noticias\/wp-json\/wp\/v2\/types\/post"}],"author":[{"embeddable":true,"href":"https:\/\/primicias2262.com\/noticias\/wp-json\/wp\/v2\/users\/3"}],"replies":[{"embeddable":true,"href":"https:\/\/primicias2262.com\/noticias\/wp-json\/wp\/v2\/comments?post=74199"}],"version-history":[{"count":0,"href":"https:\/\/primicias2262.com\/noticias\/wp-json\/wp\/v2\/posts\/74199\/revisions"}],"wp:featuredmedia":[{"embeddable":true,"href":"https:\/\/primicias2262.com\/noticias\/wp-json\/"}],"wp:attachment":[{"href":"https:\/\/primicias2262.com\/noticias\/wp-json\/wp\/v2\/media?parent=74199"}],"wp:term":[{"taxonomy":"category","embeddable":true,"href":"https:\/\/primicias2262.com\/noticias\/wp-json\/wp\/v2\/categories?post=74199"},{"taxonomy":"post_tag","embeddable":true,"href":"https:\/\/primicias2262.com\/noticias\/wp-json\/wp\/v2\/tags?post=74199"}],"curies":[{"name":"wp","href":"https:\/\/api.w.org\/{rel}","templated":true}]}}