{"id":74206,"date":"2021-03-17T17:44:57","date_gmt":"2021-03-17T20:44:57","guid":{"rendered":"https:\/\/primicias2262.com\/?p=74206"},"modified":"2021-03-17T17:44:57","modified_gmt":"2021-03-17T20:44:57","slug":"fernandez-encabezo-la-firma-de-convenios-con-cgt-y-cta-para-asignar-1200-viviendas","status":"publish","type":"post","link":"https:\/\/primicias2262.com\/noticias\/fernandez-encabezo-la-firma-de-convenios-con-cgt-y-cta-para-asignar-1200-viviendas\/","title":{"rendered":"Fern\u00e1ndez encabez\u00f3 la firma de convenios con CGT y CTA para asignar 1200 viviendas"},"content":{"rendered":"<p><strong>El presidente Alberto Fern\u00e1ndez sostuvo este mi\u00e9rcoles que su \u00abmayor urgencia son los que no tienen casa ni trabajo\u00bb<\/strong>\u00a0y \u00abno acordar con los acreedores\u00bb, al encabezar la firma de convenios con la CGT y la CTA para asignar 1.200 viviendas del programa \u00abProcrear II Cogesti\u00f3n Local con Sindicatos\u00bb.<\/p>\n<p>\u00abCuando otros me apuran a negociar con el FMI, les digo que mi urgencia son los que no tienen casa ni trabajo y que quiero acordar con los acreedores pero en t\u00e9rminos que no posterguen a los argentinos\u00bb, dijo el jefe de Estado desde el Museo del Bicentenario de Casa Rosada.<\/p>\n<p>El pr\u00e9stamo del FMI al macrismo<\/p>\n<p>Agreg\u00f3, en ese sentido, que \u00abcada uno\u00bb debe \u00abasumir la responsabilidad que le cabe\u00bb porque \u00abprestar semejante cantidad de plata a devolver en tres a\u00f1os a un pa\u00eds en default, implica responsabilidades por todos lados\u00bb.<\/p>\n<p>De esta forma, el mandatario hizo referencia al pr\u00e9stamo otorgado por el Fondo Monetario Internacional a la gesti\u00f3n macrista por 45.000 millones de d\u00f3lares, a ra\u00edz de la cual el Ejecutivo negocia ahora con el organismo un nuevo programa de financiamiento para la reprogramaci\u00f3n de los vencimientos.<\/p>\n<p><strong>\u00abCuando Ferraresi lleg\u00f3 al Ministerio de Desarrollo Territorial y H\u00e1bitat, vino con un plan a tres a\u00f1os para construir 260 mil viviendas, que cuesta 10 mil millones de d\u00f3lares, es decir, la cuarta parte de la deuda\u00a0<\/strong>que otros tomaron irresponsablemente en un a\u00f1o con el FMI\u00bb, apunt\u00f3 el mandatario en relaci\u00f3n al endeudamiento de la gesti\u00f3n de Cambiemos.<\/p>\n<p>Al respecto, el Presidente enfatiz\u00f3 que \u00abtodos deben entender la gravedad y la irresponsabilidad de la decisi\u00f3n que han tomado otros, y los costos sociales que gener\u00f3\u00bb ya que se trat\u00f3 de \u00abdinero que est\u00e1 destinado a salir del pa\u00eds y a postergar el futuro de los argentinos\u00bb.<\/p>\n<p><strong>\u00abUno sent\u00eda tanta impotencia por ver casas maravillosas que hab\u00edan quedado construidas en 2015 que, por razones de miserabilidad pol\u00edtica, no fueron entregadas a la gente que lo necesitaba\u00bb,<\/strong>\u00a0critic\u00f3.<\/p>\n<p>Acompa\u00f1ado por el ministro de Desarrollo Territorial y H\u00e1bitat, Jorge Ferraresi, quien suscribi\u00f3 el convenio de adhesi\u00f3n al programa con las centrales obreras, Fern\u00e1ndez dej\u00f3 claro que \u00abhoy en d\u00eda, tener un techo es un derecho humano y hay que garantizarlo y preservarlo\u00bb.<\/p>\n<div class=\"auth\">Los detalles del plan<\/div>\n<p><strong>Las 1.200 viviendas del programa \u00abProcrear II Cogesti\u00f3n Local con Sindicatos\u00bb se destinar\u00e1n a la Ciudad de Buenos Aires y los municipios de Ezeiza, La Matanza, San Miguel, San Nicol\u00e1s, Lincoln, Bah\u00eda Blanca y Tandil,<\/strong>\u00a0seg\u00fan se precis\u00f3.<\/p>\n<p>Esta iniciativa busca\u00a0<strong>facilitar el acceso a la vivienda promoviendo la participaci\u00f3n activa de los sindicatos en su asignaci\u00f3n,<\/strong>\u00a0teniendo en cuenta la disponibilidad de los Desarrollos Urban\u00edsticos del programa<\/p>\n<p>Estuvieron en el acto para suscribir el acuerdo el secretario general de la CGT H\u00e9ctor Daer y el secretario general adjunto de la CTA, Daniel Catalano.<\/p>\n<p>En el convenio \u00abhan entrado todos los gremios para posibilitar viviendas a los trabajadores\u00bb, ya que \u00abdarle una casa a una familia es dar tranquilidad, que no se la doy yo porque la han pagado y se ocupan de cumplir sus compromisos: ellos hacen un esfuerzo y el Estado tambi\u00e9n, algo que me gratifica y reconforta\u00bb, destac\u00f3 Fern\u00e1ndez.<\/p>\n<p>\u00abEso le da sentido a nuestra actividad pol\u00edtica y a la gesti\u00f3n de gobierno\u00bb, concluy\u00f3 el jefe de Estado, tras resaltar que \u00abtodos nos comprometemos en esto y los gremios participan\u00bb.<\/p>\n<p>Participaron tambi\u00e9n el jefe de Gabinete, Santiago Cafiero; el ministro de Trabajo, Claudio Moroni, y el intendente de La Matanza, Fernando Espinoza.<\/p>\n<p>Adem\u00e1s, se entregaron las llaves de diez casas a familias adjudicatarias del Programa Procrear.<\/p>\n<p>\u00abUn Estado presente transforma las demandas sociales en derechos, por eso con la CGT y la CTA asignamos 1.200 viviendas a trabajadores en la Ciudad y la provincia de Buenos Aires\u00bb, tuite\u00f3 Cafiero luego del acto.<\/p>\n<p>De acuerdo con lo previsto, la semana pr\u00f3xima el ministro de Econom\u00eda, Mart\u00edn Guzm\u00e1n, viajar\u00e1 a Washington para reunirse con la directora Gerente del Fondo Monetario Internacional (FMI), Kristalina Georgieva, en el marco de las negociaciones por la definici\u00f3n de un nuevo programa de financiamiento con el organismo.<\/p>\n","protected":false},"excerpt":{"rendered":"<p>El presidente Alberto Fern\u00e1ndez sostuvo este mi\u00e9rcoles que su \u00abmayor urgencia son los que no tienen casa ni trabajo\u00bb\u00a0y \u00abno acordar con los acreedores\u00bb, al encabezar la firma de convenios con la CGT y la CTA para asignar 1.200 viviendas del programa \u00abProcrear II Cogesti\u00f3n Local con Sindicatos\u00bb. \u00abCuando otros me apuran a negociar con [&hellip;]<\/p>\n","protected":false},"author":3,"featured_media":74207,"comment_status":"closed","ping_status":"closed","sticky":false,"template":"","format":"standard","meta":{"footnotes":""},"categories":[4],"tags":[],"class_list":{"0":"post-74206","1":"post","2":"type-post","3":"status-publish","4":"format-standard","5":"has-post-thumbnail","7":"category-actualidad"},"_links":{"self":[{"href":"https:\/\/primicias2262.com\/noticias\/wp-json\/wp\/v2\/posts\/74206","targetHints":{"allow":["GET"]}}],"collection":[{"href":"https:\/\/primicias2262.com\/noticias\/wp-json\/wp\/v2\/posts"}],"about":[{"href":"https:\/\/primicias2262.com\/noticias\/wp-json\/wp\/v2\/types\/post"}],"author":[{"embeddable":true,"href":"https:\/\/primicias2262.com\/noticias\/wp-json\/wp\/v2\/users\/3"}],"replies":[{"embeddable":true,"href":"https:\/\/primicias2262.com\/noticias\/wp-json\/wp\/v2\/comments?post=74206"}],"version-history":[{"count":0,"href":"https:\/\/primicias2262.com\/noticias\/wp-json\/wp\/v2\/posts\/74206\/revisions"}],"wp:featuredmedia":[{"embeddable":true,"href":"https:\/\/primicias2262.com\/noticias\/wp-json\/"}],"wp:attachment":[{"href":"https:\/\/primicias2262.com\/noticias\/wp-json\/wp\/v2\/media?parent=74206"}],"wp:term":[{"taxonomy":"category","embeddable":true,"href":"https:\/\/primicias2262.com\/noticias\/wp-json\/wp\/v2\/categories?post=74206"},{"taxonomy":"post_tag","embeddable":true,"href":"https:\/\/primicias2262.com\/noticias\/wp-json\/wp\/v2\/tags?post=74206"}],"curies":[{"name":"wp","href":"https:\/\/api.w.org\/{rel}","templated":true}]}}