{"id":74209,"date":"2021-03-17T18:18:56","date_gmt":"2021-03-17T21:18:56","guid":{"rendered":"https:\/\/primicias2262.com\/?p=74209"},"modified":"2021-03-17T18:18:56","modified_gmt":"2021-03-17T21:18:56","slug":"la-vida-me-ha-dado-una-nueva-oportunidad-la-emotiva-carta-de-juan-ruiz-tras-recuperarse-del-covid","status":"publish","type":"post","link":"https:\/\/primicias2262.com\/noticias\/la-vida-me-ha-dado-una-nueva-oportunidad-la-emotiva-carta-de-juan-ruiz-tras-recuperarse-del-covid\/","title":{"rendered":"\u201cLa vida me ha dado una nueva oportunidad\u201d: la emotiva carta de Juan Ruiz tras recuperarse del Covid"},"content":{"rendered":"<p><strong>Despu\u00e9s de atravesar una dura etapa posterior a contraer el coronavirus, el Dr. Juan Alfonso Ruiz realiz\u00f3 un posteo en su muro de Facebook con una emotiva carta durante las \u00faltimas horas. Se trata de un conocido profesional de la medicina, concejal mandato cumplido, titular de Bienestar Social en su momento, neumon\u00f3logo de alta calidad y muy apreciado por la comunidad de Necochea, quien incluso con su familia sufrieron la otra pandemia de estos tiempos: la de las fake news, ya que una persona lleg\u00f3 a publicar que hab\u00eda fallecido.<\/strong><\/p>\n<p><strong>La carta del Dr. Ruiz:<\/strong><\/p>\n<p>\u201cHace 2 meses me daban el alta del hospital luego de haber pasado una situaci\u00f3n cr\u00edtica por el Covid&#8230;Obviamente estaba con muchas secuelas por esta dura enfermedad y por las consecuencias de los tratamientos que se aplican a los pacientes como la ventilaci\u00f3n mec\u00e1nica, terap\u00e9uticas inevitables cuando se trata de mantener con vida a un paciente cr\u00edtico.<\/p>\n<p>Mi situaci\u00f3n a la fecha dista mucho de ser aquella del d\u00eda del alta donde no me pod\u00eda mover por deterioro de la masa muscular, una disfon\u00eda pertinaz, poca visi\u00f3n, y temblor en ambas manos&#8230; hoy estoy caminando 1800 mts, hablo claro, veo como antes y no me falta el aire por lo que ya no utilizo el oxigeno medicinal las 24 horas como al inicio.<\/p>\n<p>Es decir, estoy incorpor\u00e1ndome a la vida en una nueva etapa en buenas condiciones que ni yo mismo esperaba cuando recuerdo mis limitaciones iniciales, o al menos en tan breve tiempo de recuperaci\u00f3n. \u00bfPor qu\u00e9 hago este raconto?&#8230;es para que se sepa de boca de un paciente lo que es esta enfermedad, que en muchos casos termina con la vida en medio de una soledad cruel para el enfermo y para los familiares&#8230;que requiere de una responsabilidad extrema para cuidarse y cuidar a los dem\u00e1s y no ser tan ego\u00edsta que porque a m\u00ed no me hace nada no me cuido y termino deteriorando la salud de los mayores por sobre todas las cosas.<\/p>\n<p>Para pedir que todo el mundo se vacune como forma de protecci\u00f3n, no s\u00f3lo individual sino tambi\u00e9n comunitaria. Aprovecho por sobre todas las cosas para agradecer a toda la movilizaci\u00f3n de afecto que se expres\u00f3, no s\u00f3lo en estas redes, sino tambi\u00e9n para con mi familia que parti\u00f3 aun de aquellos que muchas veces piensan distinto a m\u00ed. Para los m\u00e9dicos, enfermeros, mucamas del sector Covid de UTI y especialidades que d\u00eda a d\u00eda me cuidaron de tal manera que hoy puedo estar escribiendo estas l\u00edneas, va mi eterno agradecimiento.<\/p>\n<p>El pueblo de NECOCHEA debe saber que el esfuerzo que ellos hacen, encabezados por el Dr Pablo Blanco, es inconmensurable y no porque yo haya sido un paciente conocido por mi profesi\u00f3n ni compa\u00f1ero de trabajo, sino porque sus condiciones humanas y profesionales son extraordinarias. Tambi\u00e9n para el Municipio, que les proporciona los medios de trabajo generando un gasto extraordinario que los ciudadanos debemos valorar cuando aportamos nuestras tasas. Para mi familia que siempre me acompa\u00f1\u00f3 y me acompa\u00f1a y que es puntal de mi recuperaci\u00f3n, y que tuvo que soportar no s\u00f3lo mi enfermedad sino tambi\u00e9n que alguna irresponsable publicara mi fallecimiento.<\/p>\n<p>La vida a trav\u00e9s del esfuerzo de todos me ha dado una nueva oportunidad que espero no desperdiciar, no s\u00f3lo por m\u00ed, sino por aquellos que me tiraron buena onda: profesionales y su equipo, familia, hospital p\u00fablico, ustedes y Dios. Hoy estoy reintegr\u00e1ndome de nuevo a la sociedad en la medida que la salud me lo permite, sociedad a la que espero ser \u00fatil m\u00e1s all\u00e1 de haber cumplido mi ciclo como profesional de la salud de una manera que no fue como yo so\u00f1aba, pero por algo habr\u00e1 sido as\u00ed.<\/p>\n<p>Como toque final, pienso que no me habr\u00e1n llevado porque seguramente hubiese generado alg\u00fan conflicto. GRACIAS DE CORAZON\u201d.<\/p>\n","protected":false},"excerpt":{"rendered":"<p>Despu\u00e9s de atravesar una dura etapa posterior a contraer el coronavirus, el Dr. Juan Alfonso Ruiz realiz\u00f3 un posteo en su muro de Facebook con una emotiva carta durante las \u00faltimas horas. Se trata de un conocido profesional de la medicina, concejal mandato cumplido, titular de Bienestar Social en su momento, neumon\u00f3logo de alta calidad [&hellip;]<\/p>\n","protected":false},"author":3,"featured_media":70753,"comment_status":"closed","ping_status":"closed","sticky":false,"template":"","format":"standard","meta":{"footnotes":""},"categories":[3],"tags":[],"class_list":{"0":"post-74209","1":"post","2":"type-post","3":"status-publish","4":"format-standard","5":"has-post-thumbnail","7":"category-masnoticias"},"_links":{"self":[{"href":"https:\/\/primicias2262.com\/noticias\/wp-json\/wp\/v2\/posts\/74209","targetHints":{"allow":["GET"]}}],"collection":[{"href":"https:\/\/primicias2262.com\/noticias\/wp-json\/wp\/v2\/posts"}],"about":[{"href":"https:\/\/primicias2262.com\/noticias\/wp-json\/wp\/v2\/types\/post"}],"author":[{"embeddable":true,"href":"https:\/\/primicias2262.com\/noticias\/wp-json\/wp\/v2\/users\/3"}],"replies":[{"embeddable":true,"href":"https:\/\/primicias2262.com\/noticias\/wp-json\/wp\/v2\/comments?post=74209"}],"version-history":[{"count":0,"href":"https:\/\/primicias2262.com\/noticias\/wp-json\/wp\/v2\/posts\/74209\/revisions"}],"wp:featuredmedia":[{"embeddable":true,"href":"https:\/\/primicias2262.com\/noticias\/wp-json\/"}],"wp:attachment":[{"href":"https:\/\/primicias2262.com\/noticias\/wp-json\/wp\/v2\/media?parent=74209"}],"wp:term":[{"taxonomy":"category","embeddable":true,"href":"https:\/\/primicias2262.com\/noticias\/wp-json\/wp\/v2\/categories?post=74209"},{"taxonomy":"post_tag","embeddable":true,"href":"https:\/\/primicias2262.com\/noticias\/wp-json\/wp\/v2\/tags?post=74209"}],"curies":[{"name":"wp","href":"https:\/\/api.w.org\/{rel}","templated":true}]}}