{"id":74211,"date":"2021-03-18T09:20:08","date_gmt":"2021-03-18T12:20:08","guid":{"rendered":"https:\/\/primicias2262.com\/?p=74211"},"modified":"2021-03-18T09:20:08","modified_gmt":"2021-03-18T12:20:08","slug":"al-hablar-de-concesiones-martinez-revelo-el-plan-del-ejecutivo-con-la-terminal-de-omnibus","status":"publish","type":"post","link":"https:\/\/primicias2262.com\/noticias\/al-hablar-de-concesiones-martinez-revelo-el-plan-del-ejecutivo-con-la-terminal-de-omnibus\/","title":{"rendered":"Al hablar de concesiones, Mart\u00ednez revel\u00f3 el plan del Ejecutivo con la Terminal de \u00f3mnibus"},"content":{"rendered":"<p><strong>En di\u00e1logo con el periodista Jorge G\u00f3mez en el programa \u201cVoces de la Ciudad\u201d, que se emite por FM Vinilo, 103.5 del dial, entre varios aspectos de gesti\u00f3n, el secretario de Gobierno se refiri\u00f3 al tema concesiones, poniendo la lupa sobre lugares puntuales como Sotavento en la playa y fundamentalmente, qu\u00e9 hacer con la Terminal de \u00d3mnibus.<\/strong><\/p>\n<p>Primeramente, el funcionario sostuvo que en l\u00edneas generales \u201cvenimos bien, con un trabajo en conjunto todas las semanas, donde interviene Concesiones, la Secretar\u00eda de Legales y Planeamiento, en las cuales cada uno aporta lo suyo, estamos unificando criterios. Por un lado\u00a0 hay que aceitar bien los pliegos y por otro ver bien los proyectos y los \u00edndices urban\u00edsticos de construcci\u00f3n que va a tener cada uno de los lugares\u201d.<\/p>\n<p>Por ejemplo, \u201chay algunos proyectos como en Sotavento, que creemos que tiene que ir acompa\u00f1ado con una inversi\u00f3n por parte del Estado en cuanto a estacionamiento y embellecimiento del lugar para incentivar al privado a invertir en el lugar\u201d, asever\u00f3 Mart\u00ednez.<\/p>\n<p><img loading=\"lazy\" decoding=\"async\" class=\"aligncenter size-full wp-image-73567\" src=\"https:\/\/primicias2262.com\/wp-content\/uploads\/2021\/02\/Martinez-jorge.jpeg\" alt=\"\" width=\"1280\" height=\"853\" \/><\/p>\n<p>Acto seguido, revel\u00f3 que \u201cdespu\u00e9s habr\u00e1 alguna sorpresa con algunos lugares y estaremos trabajando con la Terminal, que para nosotros es muy importante. Es complicado para nosotros el sostenimiento porque estamos tambi\u00e9n en una situaci\u00f3n jur\u00eddica delicada al fallecer uno de los integrantes de la cooperativa, pero la idea es que cuando salga el proyecto de la Terminal tambi\u00e9n haya oficinas p\u00fablicas para darle din\u00e1mica al lugar y la posibilidad m\u00e1s firme es la de llevar el \u00e1rea de Licencias de Conducir\u201d.<\/p>\n<p>Tambi\u00e9n se refiri\u00f3 al predio de Tr\u00e1nsito en 59 y 84, al enfatizar que \u201cse hace insostenible ese predio y ah\u00ed estamos trabajando fuertemente en tres l\u00edneas: por un lado la compactaci\u00f3n de los autos que no sirven; por otro bajar un proyecto de ordenanza que permita que aquellos autos que est\u00e1n en buen estado y su titular tiene una deuda importante, condonarle parte de la deuda para que puedan sacar el veh\u00edculo; y por otro la destrucci\u00f3n de los ca\u00f1os de escape\u201d.<\/p>\n<p>A\u00f1adi\u00f3 a ello que \u201chemos tomado decisiones de fondo\u201d y en ese marco el funcionario se refiri\u00f3 al decreto que establece los nuevos horarios de nocturnidad en Necochea y Quequ\u00e9n, con el tope de las 4 de la ma\u00f1ana. \u201cEsto esta vigente desde el viernes pasado\u2026 cuando vino el gobernador Axel Kicillof en su \u00faltima visita liber\u00f3 a los municipios para establecer horarios y nosotros establecimos el horario de las 4 de la\u00a0 ma\u00f1ana para todo lo que es nocturnidad. Lo decidimos en charlas con varios que trabajan en este tema\u201d, apunt\u00f3.<\/p>\n<p>A ello, agreg\u00f3 que \u201cla idea es sostenerlo en el tiempo y en el transcurso del a\u00f1o bajar alguna normativa para diferenciar horarios de lo que es un boliche bailable con cervecer\u00edas o restaurantes\u201d.<\/p>\n<p>Incluso, no soslay\u00f3 el tema de los kioscos de los colegios, \u201cque tambi\u00e9n tienen sus problem\u00e1ticas de que no pueden abrir sus puertas y estuvieron reunidos conmigo. La C\u00e1mara les est\u00e1 dando una mano para hacer m\u00e1s fuerza junto con el Estado municipal para que la provincia revea los protocolos que se van a ir flexibilizando\u201d, determin\u00f3 en tal sentido.<\/p>\n","protected":false},"excerpt":{"rendered":"<p>En di\u00e1logo con el periodista Jorge G\u00f3mez en el programa \u201cVoces de la Ciudad\u201d, que se emite por FM Vinilo, 103.5 del dial, entre varios aspectos de gesti\u00f3n, el secretario de Gobierno se refiri\u00f3 al tema concesiones, poniendo la lupa sobre lugares puntuales como Sotavento en la playa y fundamentalmente, qu\u00e9 hacer con la Terminal [&hellip;]<\/p>\n","protected":false},"author":3,"featured_media":74212,"comment_status":"closed","ping_status":"closed","sticky":false,"template":"","format":"standard","meta":{"footnotes":""},"categories":[3],"tags":[],"class_list":{"0":"post-74211","1":"post","2":"type-post","3":"status-publish","4":"format-standard","5":"has-post-thumbnail","7":"category-masnoticias"},"_links":{"self":[{"href":"https:\/\/primicias2262.com\/noticias\/wp-json\/wp\/v2\/posts\/74211","targetHints":{"allow":["GET"]}}],"collection":[{"href":"https:\/\/primicias2262.com\/noticias\/wp-json\/wp\/v2\/posts"}],"about":[{"href":"https:\/\/primicias2262.com\/noticias\/wp-json\/wp\/v2\/types\/post"}],"author":[{"embeddable":true,"href":"https:\/\/primicias2262.com\/noticias\/wp-json\/wp\/v2\/users\/3"}],"replies":[{"embeddable":true,"href":"https:\/\/primicias2262.com\/noticias\/wp-json\/wp\/v2\/comments?post=74211"}],"version-history":[{"count":0,"href":"https:\/\/primicias2262.com\/noticias\/wp-json\/wp\/v2\/posts\/74211\/revisions"}],"wp:featuredmedia":[{"embeddable":true,"href":"https:\/\/primicias2262.com\/noticias\/wp-json\/"}],"wp:attachment":[{"href":"https:\/\/primicias2262.com\/noticias\/wp-json\/wp\/v2\/media?parent=74211"}],"wp:term":[{"taxonomy":"category","embeddable":true,"href":"https:\/\/primicias2262.com\/noticias\/wp-json\/wp\/v2\/categories?post=74211"},{"taxonomy":"post_tag","embeddable":true,"href":"https:\/\/primicias2262.com\/noticias\/wp-json\/wp\/v2\/tags?post=74211"}],"curies":[{"name":"wp","href":"https:\/\/api.w.org\/{rel}","templated":true}]}}