{"id":74217,"date":"2021-03-18T09:47:15","date_gmt":"2021-03-18T12:47:15","guid":{"rendered":"https:\/\/primicias2262.com\/?p=74217"},"modified":"2021-03-18T09:47:15","modified_gmt":"2021-03-18T12:47:15","slug":"encontraron-con-vida-a-maia-en-la-estacion-de-trenes-de-lujan","status":"publish","type":"post","link":"https:\/\/primicias2262.com\/noticias\/encontraron-con-vida-a-maia-en-la-estacion-de-trenes-de-lujan\/","title":{"rendered":"Encontraron con vida a Maia en la estaci\u00f3n de trenes de Luj\u00e1n"},"content":{"rendered":"<p><strong>Maia Yael Beloso, la ni\u00f1a de 7 a\u00f1os desaparecida hace tres d\u00edas del barrio porte\u00f1o de Villa Lugano cuando un hombre se la llev\u00f3 en bicicleta hacia la zona oeste del conurbano, fue hallada esta ma\u00f1ana sana y salva en Luj\u00e1n, informaron a T\u00e9lam fuentes policiales y municipales.<\/strong><\/p>\n<p><strong>El hallazgo se produjo esta ma\u00f1ana en Las Heras y Gamboa, en Luj\u00e1n<\/strong>. Seg\u00fan las primeras informaciones policiales, la ni\u00f1a estaba junto al hombre que se la llev\u00f3, Carlos Savans.<\/p>\n<p>\u00abLa v\u00ed f\u00edsicamente bien\u00bb, dijo el abogado de la familia, Rodolfo Baque, y se\u00f1al\u00f3 que la nena, que \u00abestaba shoqueada\u00bb, pudo hablar por telefono con su mam\u00e1.<\/p>\n<p><strong>\u00abLe pregunt\u00e9 si estaba asustada y me dijo que no\u00bb, continu\u00f3 el abogado\u00a0<\/strong>en declaraciones a la prensa.<\/p>\n<p>Maia fue encontrada durante una b\u00fasqueda de la que participaron m\u00e1s de mil efectivos de tres fuerzas de seguridad con motos, camionetas, helic\u00f3pteros y perros rastreadores. Hubo rastrillajes de b\u00fasqueda casa por casa en barrios de la localidad bonaerense de La Reja, partido de Moreno, y en General Rodr\u00edguez,<\/p>\n<p>La nena hab\u00eda sido vista por \u00faltima vez el lunes en el barrio porte\u00f1o de Villa Lugano, cuando un hombre identificado como Carlos Alberto Sierra o Carlos Alberto Savanz, se la llev\u00f3 en bicicleta hacia la zona oeste del conurbano.<\/p>\n<p>En tanto, Stella, la madre de Maia, junto a otros familiares, tuvo durante el mi\u00e9rcoles reuniones permanentes con las m\u00e1ximas autoridades pol\u00edticas en Seguridad de la Naci\u00f3n, de provincia y de Ciudad, que la manten\u00edan informada acerca de los movimientos realizados por los investigadores.<\/p>\n<p>\u00abLa madre me pidi\u00f3 que agradezca al ministro Berni, que le hab\u00eda cumplico la palabra\u00bb, se\u00f1al\u00f3 el abogado de la familia.<\/p>\n<p>\u00abMaia apareci\u00f3, pero ten\u00edamos miedo de que la mate o la lastime, de no encontrarla\u00bb<\/p>\n<p>Elida, la abuela de Maia, confirm\u00f3 que su nieta apareci\u00f3 en buen estado de salud, pero dijo temer que su captor la matara o lastimara.<\/p>\n<p>Cerca de las 9, la abuela de la nena se hizo presente en el corte de la colectora de la autopista Dellepiane, que los vecinos mantienen desde hace tres d\u00edas, y le dijo a la prensa \u00abya apareci\u00f3, est\u00e1 bien, en el hospital, y el hombre ya est\u00e1 detenido\u00bb.<\/p>\n<p><strong>\u00abEst\u00e1 bien, no s\u00e9 c\u00f3mo la encontraron, pero ella apareci\u00f3 sonriendo. Vamos a esperarla ac\u00e1, un mill\u00f3n de gracias a todos\u00bb<\/strong>, dijo la mujer visiblemente emocionada y ante los gritos y aplausos de vecinos que la rodeaban.<\/p>\n<p>Por otra parte, la mujer reflexion\u00f3 sobre lo sucedido y dijo que Carlos Alberto Sierra \u00abcapaz que la llev\u00f3 enga\u00f1ada, lo que se es que mi hija no la regal\u00f3\u00bb.<\/p>\n<p><strong>\u00abYo creo que fue un chirlito de Dios para que mi hija se de cuenta y dej\u00e9 esa porquer\u00eda (por su adicci\u00f3n a las drogas). Sab\u00e9s cuantas veces fuimos a buscar ayuda, pero nadie nos ayud\u00f3\u00bb<\/strong>, a\u00f1adi\u00f3.<\/p>\n<p>Y sobre ese punto, Elida confes\u00f3 que ayer su hija le dijo \u00absi aparece, voy a dejar la droga\u00bb y volvi\u00f3 a pedir que ayuden a su hija para superar los consumos problem\u00e1ticos.<\/p>\n<p>\u00abTen\u00edamos miedo de que la mate o la lastime, no encontrarla\u00bb, afirm\u00f3 Elida y luego agradeci\u00f3 toda la ayuda y el apoyo que recibi\u00f3 de los vecinos del barrio Cilda\u00f1ez y de los medios e comunicaci\u00f3n.<\/p>\n","protected":false},"excerpt":{"rendered":"<p>Maia Yael Beloso, la ni\u00f1a de 7 a\u00f1os desaparecida hace tres d\u00edas del barrio porte\u00f1o de Villa Lugano cuando un hombre se la llev\u00f3 en bicicleta hacia la zona oeste del conurbano, fue hallada esta ma\u00f1ana sana y salva en Luj\u00e1n, informaron a T\u00e9lam fuentes policiales y municipales. El hallazgo se produjo esta ma\u00f1ana en [&hellip;]<\/p>\n","protected":false},"author":3,"featured_media":74218,"comment_status":"closed","ping_status":"closed","sticky":false,"template":"","format":"standard","meta":{"footnotes":""},"categories":[4],"tags":[],"class_list":{"0":"post-74217","1":"post","2":"type-post","3":"status-publish","4":"format-standard","5":"has-post-thumbnail","7":"category-actualidad"},"_links":{"self":[{"href":"https:\/\/primicias2262.com\/noticias\/wp-json\/wp\/v2\/posts\/74217","targetHints":{"allow":["GET"]}}],"collection":[{"href":"https:\/\/primicias2262.com\/noticias\/wp-json\/wp\/v2\/posts"}],"about":[{"href":"https:\/\/primicias2262.com\/noticias\/wp-json\/wp\/v2\/types\/post"}],"author":[{"embeddable":true,"href":"https:\/\/primicias2262.com\/noticias\/wp-json\/wp\/v2\/users\/3"}],"replies":[{"embeddable":true,"href":"https:\/\/primicias2262.com\/noticias\/wp-json\/wp\/v2\/comments?post=74217"}],"version-history":[{"count":0,"href":"https:\/\/primicias2262.com\/noticias\/wp-json\/wp\/v2\/posts\/74217\/revisions"}],"wp:featuredmedia":[{"embeddable":true,"href":"https:\/\/primicias2262.com\/noticias\/wp-json\/"}],"wp:attachment":[{"href":"https:\/\/primicias2262.com\/noticias\/wp-json\/wp\/v2\/media?parent=74217"}],"wp:term":[{"taxonomy":"category","embeddable":true,"href":"https:\/\/primicias2262.com\/noticias\/wp-json\/wp\/v2\/categories?post=74217"},{"taxonomy":"post_tag","embeddable":true,"href":"https:\/\/primicias2262.com\/noticias\/wp-json\/wp\/v2\/tags?post=74217"}],"curies":[{"name":"wp","href":"https:\/\/api.w.org\/{rel}","templated":true}]}}