{"id":74223,"date":"2021-03-18T09:30:57","date_gmt":"2021-03-18T12:30:57","guid":{"rendered":"https:\/\/primicias2262.com\/?p=74223"},"modified":"2021-03-18T09:30:57","modified_gmt":"2021-03-18T12:30:57","slug":"se-capacitara-a-soldados-voluntarios-para-combatir-incendios-forestales","status":"publish","type":"post","link":"https:\/\/primicias2262.com\/noticias\/se-capacitara-a-soldados-voluntarios-para-combatir-incendios-forestales\/","title":{"rendered":"Se capacitar\u00e1 a soldados voluntarios para combatir incendios forestales"},"content":{"rendered":"<p>El ministro de Defensa anunci\u00f3 que desde esa cartera \u201cse potenciar\u00e1 la ense\u00f1anza t\u00e9cnica y la capacitaci\u00f3n\u00bb a j\u00f3venes que se incorporan como tropa voluntaria a las Fuerzas Armadas.<\/p>\n<p>El ministro de Defensa, Agust\u00edn Rossi anunci\u00f3 que desde esa cartera \u201cse potenciar\u00e1 la ense\u00f1anza t\u00e9cnica y la capacitaci\u00f3n\u00bb en el combate contra el fuego a j\u00f3venes que se incorporan como tropa voluntaria a las Fuerzas Armadas,\u00a0<strong>durante una recorrida que realiz\u00f3 por la Base Naval Fluvial Z\u00e1rate, donde supervis\u00f3 el trabajo del personal en el marco de las acciones de ayuda humanitaria ante la pandemia.<\/strong><\/p>\n<p>\u201cLe estamos dando un impulso a la incorporaci\u00f3n del soldado voluntario, principalmente en dos direcciones: un efectivo t\u00e9cnico, con una capacitaci\u00f3n que le permita dar apoyo a todas las tareas que se hacen aqu\u00ed, en la base fluvial. Por otra parte, van a recibir una capacitaci\u00f3n para ser brigadistas, y as\u00ed poder colaborar con otras agencias del Estado, en la lucha contra el fuego\u201d, se\u00f1al\u00f3 Rossi.<\/p>\n<p>Seg\u00fan un comunicado difundido por Defensa, Rossi anticip\u00f3 que\u00a0<strong>se proyecta aumentar la colaboraci\u00f3n de las Fuerzas Armadas en el Servicio Nacional de Manejo del Fuego con \u00abm\u00e1s equipamiento\u00bb que incluir\u00e1 \u00abcompra de aviones hidrantes y mayor capacitaci\u00f3n del personal especializado\u201d.<\/strong><\/p>\n<p>En su charla con 60 marineros del Batall\u00f3n de Infanter\u00eda de Marina 3 (BIM 3), el ministro les transmiti\u00f3 la importancia de \u00abadquirir otras capacidades\u00bb al servicio que prestan en la Armada Argentina.<\/p>\n<p><strong>\u201cLa formaci\u00f3n de brigadistas para las Fuerzas Armadas Argentinas es un objetivo m\u00e1s que importante\u201d, en referencia al grave problema de la regi\u00f3n, con los incendios forestales, producto de acciones ilegales y del cambio clim\u00e1tico\u00bb,<\/strong>\u00a0subray\u00f3 Rossi.<\/p>\n<p>El funcionario se refiri\u00f3 al despliegue de las operaciones Belgrano I y II, que se desarrollan con el objetivo de mitigar en el pa\u00eds los efectos ante la pandemia de coronavirus, y destac\u00f3 que como parte de estas iniciativas \u201cse entregan 450 raciones diarias de alimentos que se elaboran en esta base fluvial de Z\u00e1rate y que el personal militar se encarga de distribuir\u201d.<\/p>\n<p>\u201cEs enorme toda la tarea que han venido realizando las Fuerzas Armadas durante la pandemia. El operativo Belgrano I se ha enfocado en la tarea de apoyo a la comunidad y el Belgrano II, en la asistencia con el proceso de vacunaci\u00f3n\u201d, afirm\u00f3 Rossi junto al jefe de la Armada, vicealmirante Julio Guardia, tras expresar sus felicitaciones a todo el personal militar.<\/p>\n<p>En otro orden,\u00a0<strong>el titular de Defensa se refiri\u00f3 a la perspectiva de g\u00e9nero\u00a0<\/strong>dentro de las Fuerzas Armadas, al afirmar que\u00a0<strong>el Estado y los efectivos militares \u00abtrabajan con una pol\u00edtica de inclusi\u00f3n de las mujeres hacia el interior de las instituci\u00f3n\u00bb.<\/strong><\/p>\n<p>\u00abHoy tenemos un promedio de 20 por ciento de mujeres en el cuerpo profesional. Venimos creciendo tanto en el cuerpo profesional como en el cuerpo de comando\u201d, ponder\u00f3 el funcionario.<\/p>\n","protected":false},"excerpt":{"rendered":"<p>El ministro de Defensa anunci\u00f3 que desde esa cartera \u201cse potenciar\u00e1 la ense\u00f1anza t\u00e9cnica y la capacitaci\u00f3n\u00bb a j\u00f3venes que se incorporan como tropa voluntaria a las Fuerzas Armadas. El ministro de Defensa, Agust\u00edn Rossi anunci\u00f3 que desde esa cartera \u201cse potenciar\u00e1 la ense\u00f1anza t\u00e9cnica y la capacitaci\u00f3n\u00bb en el combate contra el fuego a [&hellip;]<\/p>\n","protected":false},"author":3,"featured_media":74224,"comment_status":"closed","ping_status":"closed","sticky":false,"template":"","format":"standard","meta":{"footnotes":""},"categories":[4],"tags":[],"class_list":{"0":"post-74223","1":"post","2":"type-post","3":"status-publish","4":"format-standard","5":"has-post-thumbnail","7":"category-actualidad"},"_links":{"self":[{"href":"https:\/\/primicias2262.com\/noticias\/wp-json\/wp\/v2\/posts\/74223","targetHints":{"allow":["GET"]}}],"collection":[{"href":"https:\/\/primicias2262.com\/noticias\/wp-json\/wp\/v2\/posts"}],"about":[{"href":"https:\/\/primicias2262.com\/noticias\/wp-json\/wp\/v2\/types\/post"}],"author":[{"embeddable":true,"href":"https:\/\/primicias2262.com\/noticias\/wp-json\/wp\/v2\/users\/3"}],"replies":[{"embeddable":true,"href":"https:\/\/primicias2262.com\/noticias\/wp-json\/wp\/v2\/comments?post=74223"}],"version-history":[{"count":0,"href":"https:\/\/primicias2262.com\/noticias\/wp-json\/wp\/v2\/posts\/74223\/revisions"}],"wp:featuredmedia":[{"embeddable":true,"href":"https:\/\/primicias2262.com\/noticias\/wp-json\/"}],"wp:attachment":[{"href":"https:\/\/primicias2262.com\/noticias\/wp-json\/wp\/v2\/media?parent=74223"}],"wp:term":[{"taxonomy":"category","embeddable":true,"href":"https:\/\/primicias2262.com\/noticias\/wp-json\/wp\/v2\/categories?post=74223"},{"taxonomy":"post_tag","embeddable":true,"href":"https:\/\/primicias2262.com\/noticias\/wp-json\/wp\/v2\/tags?post=74223"}],"curies":[{"name":"wp","href":"https:\/\/api.w.org\/{rel}","templated":true}]}}