{"id":74226,"date":"2021-03-18T13:17:15","date_gmt":"2021-03-18T16:17:15","guid":{"rendered":"https:\/\/primicias2262.com\/?p=74226"},"modified":"2021-03-18T13:17:15","modified_gmt":"2021-03-18T16:17:15","slug":"para-puerto-gardella-fue-una-muy-buena-temporada-y-en-abril-empezaremos-con-obras","status":"publish","type":"post","link":"https:\/\/primicias2262.com\/noticias\/para-puerto-gardella-fue-una-muy-buena-temporada-y-en-abril-empezaremos-con-obras\/","title":{"rendered":"\u201cPara Puerto Gardella fue una muy buena temporada y en abril empezaremos con obras\u201d"},"content":{"rendered":"<p><strong>As\u00ed lo recalc\u00f3 el propietario de Puerto Gardella, Jos\u00e9 Servat, quien a pesar de reconocer \u201cla gente no nos pudo a venir a visitar por falta de dinero y esa es la pura verdad\u201d, lo cierto es que se cubrieron las expectativas, y ya proyecta lo que ser\u00e1 la actividad durante el invierno.<\/strong><\/p>\n<p>De a poco se va terminando el verano y es \u00e9poca de balances, como el que realiz\u00f3 el propietario de Puerto Gardella, Jos\u00e9 Servat, durante una nota realizada por el periodista Jorge G\u00f3mez, en \u201cVoces de la Ciudad\u201d.<\/p>\n<p>En primer t\u00e9rmino, el empresario se\u00f1al\u00f3 que \u201cfue una temporada at\u00edpica, como todo sabemos, pens\u00e1bamos que no \u00edbamos a poder abrir y los comerciantes no se iban a poder desarrollar. Pero con el diario del lunes, hoy fin de marzo, estamos contentos por c\u00f3mo nos posicionamos en la temporada con Puerto Gardella, los comerciantes pudieron trabajar, aunque por ah\u00ed no como lo necesitaban despu\u00e9s de un a\u00f1o muy dif\u00edcil\u201d.<\/p>\n<p>De todas maneras, reconoci\u00f3 que \u201ces muy positivo lo que sucedi\u00f3, desde las autoridades en general, Puerto-municipio, que nos dieron la posibilidad de trabajar en el medio de esta pandemia, en un lugar que aglomera a tanta gente, pero la verdad es que la gente se comport\u00f3 de primera y pudimos trabajar\u201d.<\/p>\n<p>\u201cObviamente hay un mont\u00f3n de crisis que es el dinero, la gente no nos pudo a venir a visitar por falta de dinero y esa es la pura verdad\u201d, desliz\u00f3, para acotar que \u201ctodos tenemos ganas de desenchufarnos, pero la plata no alcanza, ese es el problema m\u00e1s grave\u201d.<\/p>\n<p>No obstante, rescat\u00f3 que \u201cel municipio funcion\u00f3 muy bien en cuanto a c\u00f3mo organizaron toda para que podamos laburar\u201d, y si bien \u201cel tema m\u00e1s profundo era la mezcla entre el miedo de la gente que no quer\u00eda venir por lo que suced\u00eda y la falta de dinero\u201d, afirm\u00f3 que \u201cpara Puerto Gardella fue muy buena la temporada\u2026 seguimos posicion\u00e1ndonos, tenemos s\u00f3lo un a\u00f1o de vida. El primer a\u00f1o es todo bonito, el tema es despu\u00e9s, c\u00f3mo sosten\u00e9s en el tiempo un lugar tan grande\u201d.<\/p>\n<p>Pero Servat insisti\u00f3 en que \u201cel saldo positivo de la temporada es que la gente nos sigue eligiendo y a todos los comerciantes, m\u00e1s\/menos, les fue medianamente bien\u201d.<\/p>\n<p><img loading=\"lazy\" decoding=\"async\" class=\"aligncenter size-full wp-image-74227\" src=\"https:\/\/primicias2262.com\/wp-content\/uploads\/2021\/03\/gardella.jpg\" alt=\"\" width=\"1080\" height=\"809\" \/><\/p>\n<p>Y con un aire renovador a corto plazo, asever\u00f3 que \u201clo m\u00e1s interesante es lo que se viene de ahora en adelante: a partir de abril empezaremos con obras y a desarrollarnos durante todo el invierno, donde muchos comerciantes seguir\u00e1n abriendo durante la semana o fin de semana\u201d.<\/p>\n<p>Agreg\u00f3 que \u201cmodificaremos el proyecto de Puerto Gardella, con m\u00e1s obras y containers, correremos otros de lugar, y la idea es durante los fines de semana seguir abriendo. Muchos comerciantes pidieron reformas en sus containes, que quieren agrandarlos y dem\u00e1s y a partir de abril ya empiezan las obras\u201d.<\/p>\n<p>Por ende, \u201cestamos muy contentos con esta situaci\u00f3n y los comerciantes est\u00e1n muy embalados con lo que se viene. El fin de semana sabemos que al necochense le gusta disfrutar, y vamos a tener espect\u00e1culos al aire libre durante el invierno, e incluso, va a seguir funcionando el parque de diversiones durante todo el a\u00f1o, lo cual cautiva a muchas familias\u201d, manifest\u00f3, para terminar adelantando con optimismo que \u201cse vienen muchos cambios, creo que va a ser un buen a\u00f1o para llegar a la pr\u00f3xima temporada, que para Puerto Gardella va a ser excelente, vamos a hacer muchas cosas para que la gente que llega al lugar tenga ganas de volver, y que vea cosas nuevas. Puerto Gardella estar\u00e1 latiendo todo el invierno para llegar a una temporada impresionante\u201d.<\/p>\n","protected":false},"excerpt":{"rendered":"<p>As\u00ed lo recalc\u00f3 el propietario de Puerto Gardella, Jos\u00e9 Servat, quien a pesar de reconocer \u201cla gente no nos pudo a venir a visitar por falta de dinero y esa es la pura verdad\u201d, lo cierto es que se cubrieron las expectativas, y ya proyecta lo que ser\u00e1 la actividad durante el invierno. De a [&hellip;]<\/p>\n","protected":false},"author":3,"featured_media":74228,"comment_status":"closed","ping_status":"closed","sticky":false,"template":"","format":"standard","meta":{"footnotes":""},"categories":[3],"tags":[],"class_list":{"0":"post-74226","1":"post","2":"type-post","3":"status-publish","4":"format-standard","5":"has-post-thumbnail","7":"category-masnoticias"},"_links":{"self":[{"href":"https:\/\/primicias2262.com\/noticias\/wp-json\/wp\/v2\/posts\/74226","targetHints":{"allow":["GET"]}}],"collection":[{"href":"https:\/\/primicias2262.com\/noticias\/wp-json\/wp\/v2\/posts"}],"about":[{"href":"https:\/\/primicias2262.com\/noticias\/wp-json\/wp\/v2\/types\/post"}],"author":[{"embeddable":true,"href":"https:\/\/primicias2262.com\/noticias\/wp-json\/wp\/v2\/users\/3"}],"replies":[{"embeddable":true,"href":"https:\/\/primicias2262.com\/noticias\/wp-json\/wp\/v2\/comments?post=74226"}],"version-history":[{"count":0,"href":"https:\/\/primicias2262.com\/noticias\/wp-json\/wp\/v2\/posts\/74226\/revisions"}],"wp:featuredmedia":[{"embeddable":true,"href":"https:\/\/primicias2262.com\/noticias\/wp-json\/"}],"wp:attachment":[{"href":"https:\/\/primicias2262.com\/noticias\/wp-json\/wp\/v2\/media?parent=74226"}],"wp:term":[{"taxonomy":"category","embeddable":true,"href":"https:\/\/primicias2262.com\/noticias\/wp-json\/wp\/v2\/categories?post=74226"},{"taxonomy":"post_tag","embeddable":true,"href":"https:\/\/primicias2262.com\/noticias\/wp-json\/wp\/v2\/tags?post=74226"}],"curies":[{"name":"wp","href":"https:\/\/api.w.org\/{rel}","templated":true}]}}