{"id":74234,"date":"2021-03-18T13:24:04","date_gmt":"2021-03-18T16:24:04","guid":{"rendered":"https:\/\/primicias2262.com\/?p=74234"},"modified":"2021-03-18T13:24:04","modified_gmt":"2021-03-18T16:24:04","slug":"rojas-y-los-gremios-municipales-tuvieron-la-primera-reunion-por-negociacion-de-paritarias","status":"publish","type":"post","link":"https:\/\/primicias2262.com\/noticias\/rojas-y-los-gremios-municipales-tuvieron-la-primera-reunion-por-negociacion-de-paritarias\/","title":{"rendered":"Rojas y los gremios municipales tuvieron la primera reuni\u00f3n por negociaci\u00f3n de paritarias"},"content":{"rendered":"<p><strong>El intendente municipal, Arturo Rojas, encabez\u00f3 este jueves la primera reuni\u00f3n atinente a la negociaci\u00f3n paritaria 2021 con los tres sindicatos municipales: STM, ATE y Guardavidas. Junto al jefe comunal, estuvo presente por el Ejecutivo el secretario de Gobierno, Jorge Mart\u00ednez.<\/strong><\/p>\n<p>Post encuentro, quienes dieron particularidades del di\u00e1logo fueron los secretarios gremiales del Sindicato de Trabajadores Municipales y Guardavidas, Gast\u00f3n D\u00edaz y Pablo Su\u00e1rez, respectivamente.<\/p>\n<p>El primero de ellos revel\u00f3 que \u201choy nos hemos reunido por primera vez y se ha pactado una segunda reuni\u00f3n para la semana que viene. Como en toda primera reuni\u00f3n se tiraron varios puntos en la mesa sobre lo qu\u00e9 vamos a hablar, pero todav\u00eda no se ha propuesto ning\u00fan n\u00famero espec\u00edfico, ni por parte del Ejecutivo ni por parte de los gremios\u201d.<\/p>\n<p>De todas formas, D\u00edaz apunt\u00f3 que \u201cel Ejecutivo sabe que hay que recomponer los salarios, e incluso puede llegar a estar la posibilidad de aunque no nos pongamos de acuerdo en un n\u00famero preciso, al menos se abone algo en adelanto paritario, pero eso se ver\u00e1 la semana que viene cuando la Licenciada Graciela Mamelucco (secretaria de Finanzas) baje con algunos n\u00fameros y en base a eso el Ejecutivo har\u00e1 una propuesta m\u00e1s formal\u201d.<\/p>\n<p>Por su parte, Pablo Su\u00e1rez de Guardavidas, manifest\u00f3 que \u201ctuvimos un primer acercamiento donde se hablaron condiciones salariales y vamos a continuar en esta mesa de negociaci\u00f3n en los d\u00edas pr\u00f3ximos\u201d, y coincidi\u00f3 con D\u00edaz en que \u201ctodav\u00eda no se habl\u00f3 de un porcentual espec\u00edfico, s\u00ed de algunas condiciones de trabajo\u201d.<\/p>\n<p><img loading=\"lazy\" decoding=\"async\" class=\"aligncenter size-full wp-image-74235\" src=\"https:\/\/primicias2262.com\/wp-content\/uploads\/2021\/03\/18-03-FOTO-Rojas-gremios-paritaria.jpg\" alt=\"\" width=\"1496\" height=\"990\" \/><\/p>\n<p>Por ejemplo, \u201cnosotros puntualmente con Guardavidas solicitamos alguna correcci\u00f3n de algunos puntos espec\u00edficos y en las pr\u00f3ximas reuniones empezaremos a tocar el porcentual salarial\u201d, asegur\u00f3.<\/p>\n<p><strong>De cara a las paritarias, Mart\u00ednez se\u00f1al\u00f3 que hay una \u201crelaci\u00f3n madura\u201d con los sindicatos<\/strong><\/p>\n<p>Por su parte, el secretario e Gobierno, Jorge Mart\u00ednez, se hab\u00eda referido al tema durante el \u00faltimo mi\u00e9rcoles al ser consultado por el periodista Jorge G\u00f3mez en el progra \u00abVoces de la Ciudad\u00bb.<\/p>\n<p>En tal sentido, Mart\u00ednez inform\u00f3 que \u201cen estos d\u00edas vamos a tener una primera reuni\u00f3n previa para analizar la situaci\u00f3n en la que estamos econ\u00f3micamente, escuchar un poco la situaci\u00f3n de los trabajadores y dar los primeros pasos de la paritaria 2021, sobre lo cual hay muchos desaf\u00edos, no s\u00f3lo lo salarial, sino el debate del nuevo convenio colectivo de trabajo, que est\u00e1 vencido\u201d.<\/p>\n<p>Dando cuenta de una sinton\u00eda bastante bien aceitada con los gremios, el funcionario desliz\u00f3 que \u201cse est\u00e1 trabajando seriamente y destaco el compromiso de los gremios en esto de afilar el l\u00e1piz, de estar encima de los trabajos y no permitir los abusos por parte de los trabajadores. Adem\u00e1s hay un gran acompa\u00f1amiento y un buen trabajo de la Junta de Ascenso y Promoci\u00f3n, este a\u00f1o se van a dar los primeros concursos en el \u00e1rea de Salud y Gobierno\u201d.<\/p>\n<p>Mart\u00ednez a su vez no dud\u00f3 en que \u201chay que invertir en el recurso humano porque los funcionarios estamos de paso y la administraci\u00f3n sigue. Hay que ser muy prolijos y queda mucho por delante, pero creo que vamos por el camino correcto. En cuanto a todas estas medidas que estamos tomando como la Junta, el m\u00e9dico laboral o revisar las licencias, quiero destacar el acompa\u00f1amiento que tenemos por parte de los sindicatos, con una firme convicci\u00f3n de terminar con esos abusos que terminan perjudicando a todos\u201d.<\/p>\n<p>En el cierre, termin\u00f3 definiendo que tienen una \u201crelaci\u00f3n madura con los sindicatos, con la idea de sostenerla en el tiempo\u201d.<\/p>\n","protected":false},"excerpt":{"rendered":"<p>El intendente municipal, Arturo Rojas, encabez\u00f3 este jueves la primera reuni\u00f3n atinente a la negociaci\u00f3n paritaria 2021 con los tres sindicatos municipales: STM, ATE y Guardavidas. Junto al jefe comunal, estuvo presente por el Ejecutivo el secretario de Gobierno, Jorge Mart\u00ednez. Post encuentro, quienes dieron particularidades del di\u00e1logo fueron los secretarios gremiales del Sindicato de [&hellip;]<\/p>\n","protected":false},"author":3,"featured_media":74236,"comment_status":"closed","ping_status":"closed","sticky":false,"template":"","format":"standard","meta":{"footnotes":""},"categories":[3],"tags":[],"class_list":{"0":"post-74234","1":"post","2":"type-post","3":"status-publish","4":"format-standard","5":"has-post-thumbnail","7":"category-masnoticias"},"_links":{"self":[{"href":"https:\/\/primicias2262.com\/noticias\/wp-json\/wp\/v2\/posts\/74234","targetHints":{"allow":["GET"]}}],"collection":[{"href":"https:\/\/primicias2262.com\/noticias\/wp-json\/wp\/v2\/posts"}],"about":[{"href":"https:\/\/primicias2262.com\/noticias\/wp-json\/wp\/v2\/types\/post"}],"author":[{"embeddable":true,"href":"https:\/\/primicias2262.com\/noticias\/wp-json\/wp\/v2\/users\/3"}],"replies":[{"embeddable":true,"href":"https:\/\/primicias2262.com\/noticias\/wp-json\/wp\/v2\/comments?post=74234"}],"version-history":[{"count":0,"href":"https:\/\/primicias2262.com\/noticias\/wp-json\/wp\/v2\/posts\/74234\/revisions"}],"wp:featuredmedia":[{"embeddable":true,"href":"https:\/\/primicias2262.com\/noticias\/wp-json\/"}],"wp:attachment":[{"href":"https:\/\/primicias2262.com\/noticias\/wp-json\/wp\/v2\/media?parent=74234"}],"wp:term":[{"taxonomy":"category","embeddable":true,"href":"https:\/\/primicias2262.com\/noticias\/wp-json\/wp\/v2\/categories?post=74234"},{"taxonomy":"post_tag","embeddable":true,"href":"https:\/\/primicias2262.com\/noticias\/wp-json\/wp\/v2\/tags?post=74234"}],"curies":[{"name":"wp","href":"https:\/\/api.w.org\/{rel}","templated":true}]}}