{"id":74238,"date":"2021-03-20T11:03:11","date_gmt":"2021-03-20T14:03:11","guid":{"rendered":"https:\/\/primicias2262.com\/?p=74238"},"modified":"2021-03-20T11:03:11","modified_gmt":"2021-03-20T14:03:11","slug":"ruiz-remarco-que-es-terrible-ser-un-paciente-covid-y-aseguro-que-en-el-hospital-tenemos-un-respaldo-inigualable","status":"publish","type":"post","link":"https:\/\/primicias2262.com\/noticias\/ruiz-remarco-que-es-terrible-ser-un-paciente-covid-y-aseguro-que-en-el-hospital-tenemos-un-respaldo-inigualable\/","title":{"rendered":"Ruiz remarc\u00f3 que \u201ces terrible ser un paciente Covid\u201d y asegur\u00f3 que \u201cen el Hospital tenemos un respaldo inigualable\u201d"},"content":{"rendered":"<p><strong>Mediante contacto telef\u00f3nico con el programa \u201cVoces de la Ciudad\u201d, que se emite por FM Vinilo, 103.5 del dial, el Dr. Juan Alfonso Ruiz brind\u00f3 una extensa nota en la que expres\u00f3 su nueva vida tras dejar en el pasado reciente un grave estado a causa del coronavirus, que a los 70 a\u00f1os lo llev\u00f3 a perder 20 kilos y ponerlo en jaque con su vida.<\/strong><\/p>\n<p>Saludado y consultado al aire por el periodista Jorge G\u00f3mez, el Dr. Ruiz aclar\u00f3 que \u201csigo siendo paciente Covid y tengo que estar atento a cosas que vayan apareciendo, pero lo m\u00e1s duro ya pas\u00f3 y estoy tratando de volver a la normalidad\u201d, lo que va de la mano con la conclusi\u00f3n de la charla, cuando entre l\u00e1grimas solt\u00f3 que \u201cestoy muy bien, me estoy superando d\u00eda a d\u00eda y tengo unas ganas b\u00e1rbaras de vivir\u201d.<\/p>\n<p>Pero en el medio del di\u00e1logo tambi\u00e9n hubo cuestiones muy importantes de su relato. Cronol\u00f3gicamente describi\u00f3 que \u201ca fines de diciembre empec\u00e9 con fatiga, me hicieron estudios y ten\u00eda en compromiso uno de los dos pulmones, me internaron cuatro d\u00edas y despu\u00e9s me dieron el alta, pero no evolucion\u00e9 bien. Entonces volv\u00ed al hospital, ah\u00ed me entubaron a fin de a\u00f1o, estuve ventilado durante 12 d\u00edas e intentaron sacarme el respirador, pero me tuvieron que volver a entubar. En esos 12 d\u00edas me despert\u00e9 y si bien estaba con un estado de confusi\u00f3n, lo que vino de ah\u00ed en adelante fue todo progreso, pero con secuelas muy importantes\u201d.<\/p>\n<p>Por ejemplo, \u201cno ten\u00eda masa muscular, porque entre la enfermedad, m\u00e1s los d\u00edas de ventilaci\u00f3n mec\u00e1nica, m\u00e1s el estr\u00e9s me dejaron sin masa muscular. No me pod\u00eda mover ni pararme, las piernas parec\u00edan como de un mu\u00f1eco de trapo, y perd\u00ed hasta 20 kilos. Me ten\u00edan que venir a acomodar en la cama\u201d, acot\u00f3 sin dejar detalle suelto.<\/p>\n<p>Sin embargo, despu\u00e9s de esa parte m\u00e1s dificultosa de la enfermedad, manifest\u00f3 que \u201ccon dos kinesi\u00f3logos que han trabajado muy bien empec\u00e9 a caminar. Tuve en claro que muchas cosas depend\u00edan de m\u00ed y me puse como meta superarme d\u00eda a d\u00eda, caminando cada vez m\u00e1s metros. Son cosas que me dan \u00e1nimo porque pens\u00e9 que esto lo iba a hacer reci\u00e9n en seis meses. Me siento muy bien, camino y no me agito. De todas maneras el compromiso pulmonar hay que seguirlo\u201d.<\/p>\n<p>\u201c\u00bfQu\u00e9 es ser un paciente Covid Juan?\u201d, se le pregunt\u00f3, a lo que respondi\u00f3 con su absoluta sinceridad: \u201cSer un paciente Covid es terrible. La gente no se imagina lo que es. Yo la puedo contar, pero es una enfermedad que te deja solo. Te dejan en el hospital y no te ven m\u00e1s, te mor\u00eds solo. Lo que vi es que la gente se ten\u00eda que quedar y que salga pato o gallareta\u201d.<\/p>\n<p>En cuanto a atenci\u00f3n en el hospital, asegur\u00f3 que \u201clo que vi en el Sector Covid UTI es algo extraordinario, a\u00fan sorprendente para aquellos que hemos trabajado en salud p\u00fablica mucho tiempo. Vi dedicaci\u00f3n y amor al trabajo, me atendieron compa\u00f1eros de trabajo y eso no es f\u00e1cil, pero yo escuchaba desde mi pieza c\u00f3mo a pacientes que estuvieron ventilados 15 o 20 d\u00edas el amor que le pon\u00edan para atenderlos. Esa atenci\u00f3n es para todos por igual. Para m\u00ed tiene tanto valor el trabajo del m\u00e9dico, como el de las enfermeras y las mucamas. Son de primer nivel en cuanto a lo afectivo\u201d, y enfatiz\u00f3 que \u201cel Dr. Pablo Blanco es un crack como m\u00e9dico, hay que estar ah\u00ed, no es f\u00e1cil, pero \u00e9l ha conformado un gran equipo.\u201d<\/p>\n<p>Soltando alguna risa de por medio, cont\u00f3 que \u201ccuando me despert\u00e9 le dije al enfermero qu\u00e9 pasa que no tiran cuetes por fin de a\u00f1o\u2026 \u00a0ya era enero. Y lo otro que observ\u00e9, es la cantidad de plata que invierten en ese servicio, y digo que si <strong>la gente viera eso estar\u00eda contenta de ir a pagar las tasas municipales<\/strong>. Cuando ves el dineral que gasta ah\u00ed el municipio en Salud, pens\u00e1s que el mes que viene vas a ir a pagar las tasas con m\u00e1s gusto que antes. Uno tiene que saber d\u00f3nde va la plata y es impresionante lo que ha invertido la Municipalidad en esto, adem\u00e1s del gran recurso humano que tenemos\u201d.<\/p>\n<p>Emocionado hasta las l\u00e1grimas, se\u00f1al\u00f3 que \u201cme cuesta hablar de lo profesional porque es un agradecimiento infinito, y tambi\u00e9n a mi familia. Volv\u00ed para completar cosas que me han faltado seguramente, tengo 70 a\u00f1os, me siento muy bien y con muchas ganas de afrontar esto\u201d.<\/p>\n<p>A la hora de la reflexi\u00f3n, Ruiz subray\u00f3 que \u201cla gente tiene que entender que \u00e9sta es una enfermedad muy dura, y los j\u00f3venes tienen que entender que hay que seguir cuid\u00e1ndose as\u00ed nos cuidan a los viejos, y si Dios quiere alg\u00fan d\u00eda llegar\u00e1 la vacuna para todos. Ves en las cervecer\u00edas o bares, o en el parque que se violan las normas, y los padres tienen que decirle a los chicos que se cuiden y nos cuiden\u201d.<\/p>\n<p>\u201cLas vacunas son importantes y veo gente que discute por ellas, no tenemos que ver qu\u00e9 vacuna es\u2026 o incluso hay gente que dice que la vacuna da la enfermedad. <strong>En el Hospital hab\u00eda un cartel que dec\u00eda que los que creen que la vacuna da la enfermedad deben vacunarse contra la ignorancia<\/strong>. Hay que apoyar todas estas cosas\u201d, agreg\u00f3.<\/p>\n<p>Asimismo, en tren de agradecimientos, reconoci\u00f3 que \u201cuna de las cosas que m\u00e1s me llam\u00f3 la atenci\u00f3n es que gente que est\u00e1 en las ant\u00edpodas del pensamiento de uno se haya ocupado de brindarme apoyo y deseos de buena evoluci\u00f3n, lo cual lo agradezco mucho. Ten\u00eda problemas con la voz, la vista, me temblaban las manos, no pod\u00eda escribir con el tel\u00e9fono y no pod\u00eda agradecerles\u201d.<\/p>\n<p>En cuanto al campo personal y profesional, Juan Alfonso revel\u00f3 que \u201cesto representa para m\u00ed un cambio de vida, seguramente ya no ejercer\u00e9 m\u00e1s la profesi\u00f3n. No me hubiese gustado terminar as\u00ed, pero voy a tener muchos meses de recuperaci\u00f3n y no puedo volver a empezar si no cuento con las ganas de trabajar de toda la vida. En un mes dar\u00e9 de baja la matr\u00edcula y me jubilar\u00e9\u2026 es una necesidad que tengo. Si no puedo brindarme a pleno con un paciente, no puedo ejercer la medicina, y si hay algo que confirm\u00e9 con esto es c\u00f3mo esa gente que est\u00e1 en el hospital est\u00e1 dejando su vida para cuidarnos, por eso pido a todos que nos cuidemos. La pandemia no s\u00f3lo nos est\u00e1 destruyendo la salud, sino tambi\u00e9n la econom\u00eda\u201d.<\/p>\n<p>Finalmente, expres\u00f3: \u201cGracias a todos los que me ayudaron y ayudan, y espero que la sociedad me encuentre en un nuevo rol, viviendo de una manera que no lo he hecho, que es un poco para m\u00ed, y pido el apoyo de toda la gente para todos, que nos vacunemos, y que sepamos que en el Hospital tenemos un respaldo inigualable y que el municipio est\u00e1 poniendo todo lo que tiene que poner para que no nos falte nada\u201d.<\/p>\n","protected":false},"excerpt":{"rendered":"<p>Mediante contacto telef\u00f3nico con el programa \u201cVoces de la Ciudad\u201d, que se emite por FM Vinilo, 103.5 del dial, el Dr. Juan Alfonso Ruiz brind\u00f3 una extensa nota en la que expres\u00f3 su nueva vida tras dejar en el pasado reciente un grave estado a causa del coronavirus, que a los 70 a\u00f1os lo llev\u00f3 [&hellip;]<\/p>\n","protected":false},"author":3,"featured_media":70753,"comment_status":"closed","ping_status":"closed","sticky":false,"template":"","format":"standard","meta":{"footnotes":""},"categories":[3],"tags":[],"class_list":{"0":"post-74238","1":"post","2":"type-post","3":"status-publish","4":"format-standard","5":"has-post-thumbnail","7":"category-masnoticias"},"_links":{"self":[{"href":"https:\/\/primicias2262.com\/noticias\/wp-json\/wp\/v2\/posts\/74238","targetHints":{"allow":["GET"]}}],"collection":[{"href":"https:\/\/primicias2262.com\/noticias\/wp-json\/wp\/v2\/posts"}],"about":[{"href":"https:\/\/primicias2262.com\/noticias\/wp-json\/wp\/v2\/types\/post"}],"author":[{"embeddable":true,"href":"https:\/\/primicias2262.com\/noticias\/wp-json\/wp\/v2\/users\/3"}],"replies":[{"embeddable":true,"href":"https:\/\/primicias2262.com\/noticias\/wp-json\/wp\/v2\/comments?post=74238"}],"version-history":[{"count":0,"href":"https:\/\/primicias2262.com\/noticias\/wp-json\/wp\/v2\/posts\/74238\/revisions"}],"wp:featuredmedia":[{"embeddable":true,"href":"https:\/\/primicias2262.com\/noticias\/wp-json\/"}],"wp:attachment":[{"href":"https:\/\/primicias2262.com\/noticias\/wp-json\/wp\/v2\/media?parent=74238"}],"wp:term":[{"taxonomy":"category","embeddable":true,"href":"https:\/\/primicias2262.com\/noticias\/wp-json\/wp\/v2\/categories?post=74238"},{"taxonomy":"post_tag","embeddable":true,"href":"https:\/\/primicias2262.com\/noticias\/wp-json\/wp\/v2\/tags?post=74238"}],"curies":[{"name":"wp","href":"https:\/\/api.w.org\/{rel}","templated":true}]}}