{"id":74241,"date":"2021-03-19T09:44:41","date_gmt":"2021-03-19T12:44:41","guid":{"rendered":"https:\/\/primicias2262.com\/?p=74241"},"modified":"2021-03-19T09:44:41","modified_gmt":"2021-03-19T12:44:41","slug":"lo-pararon-en-un-operativo-y-descubrieron-que-el-auto-tenia-pedido-de-secuestro","status":"publish","type":"post","link":"https:\/\/primicias2262.com\/noticias\/lo-pararon-en-un-operativo-y-descubrieron-que-el-auto-tenia-pedido-de-secuestro\/","title":{"rendered":"Lo pararon en un operativo y descubrieron que el auto ten\u00eda pedido de secuestro"},"content":{"rendered":"<p>En un operativo realizado por la DDI, descubrieron a un hombre de 51 a\u00f1os que andaba en un auto robado. Lo pararon en un operativo y descubrieron que el autom\u00f3vil ten\u00eda pedido de secuestro desde junio de 2018.<strong> Se le form\u00f3 una causa por encubrimiento.<\/strong><\/p>\n<p>Un hombre de 51 a\u00f1os que circulaba a bordo de un autom\u00f3vil que registraba un pedido de secuestro activo fue advertido por personal de la DDI durante un control de rutina, por lo que a posteriori autoridades judiciales ordenaron que se le iniciara una causa por encubrimiento.<\/p>\n<p>El hecho qued\u00f3 al descubierto luego de que los efectivos policiales interceptaran en ruta 86 y colectora un Chevrolet Traker color blanco que circulaba con la patente de un veh\u00edculo de otro modelo. A partir de la inspecci\u00f3n realizada por personal de la DDI de Necochea, se estableci\u00f3 que el rodado por las numeraciones de motor y chasis ten\u00eda pedido de secuestro activo a requerimiento de la Justicia de La Matanza.<\/p>\n<p>Por disposici\u00f3n de la fiscal\u00eda de turno, el conductor fue notificado de la formaci\u00f3n de una causa penal y en las pr\u00f3ximas horas deber\u00e1 prestar declaraci\u00f3n.<\/p>\n","protected":false},"excerpt":{"rendered":"<p>En un operativo realizado por la DDI, descubrieron a un hombre de 51 a\u00f1os que andaba en un auto robado. Lo pararon en un operativo y descubrieron que el autom\u00f3vil ten\u00eda pedido de secuestro desde junio de 2018. Se le form\u00f3 una causa por encubrimiento. Un hombre de 51 a\u00f1os que circulaba a bordo de [&hellip;]<\/p>\n","protected":false},"author":3,"featured_media":74242,"comment_status":"closed","ping_status":"closed","sticky":false,"template":"","format":"standard","meta":{"footnotes":""},"categories":[3],"tags":[],"class_list":{"0":"post-74241","1":"post","2":"type-post","3":"status-publish","4":"format-standard","5":"has-post-thumbnail","7":"category-masnoticias"},"_links":{"self":[{"href":"https:\/\/primicias2262.com\/noticias\/wp-json\/wp\/v2\/posts\/74241","targetHints":{"allow":["GET"]}}],"collection":[{"href":"https:\/\/primicias2262.com\/noticias\/wp-json\/wp\/v2\/posts"}],"about":[{"href":"https:\/\/primicias2262.com\/noticias\/wp-json\/wp\/v2\/types\/post"}],"author":[{"embeddable":true,"href":"https:\/\/primicias2262.com\/noticias\/wp-json\/wp\/v2\/users\/3"}],"replies":[{"embeddable":true,"href":"https:\/\/primicias2262.com\/noticias\/wp-json\/wp\/v2\/comments?post=74241"}],"version-history":[{"count":0,"href":"https:\/\/primicias2262.com\/noticias\/wp-json\/wp\/v2\/posts\/74241\/revisions"}],"wp:featuredmedia":[{"embeddable":true,"href":"https:\/\/primicias2262.com\/noticias\/wp-json\/"}],"wp:attachment":[{"href":"https:\/\/primicias2262.com\/noticias\/wp-json\/wp\/v2\/media?parent=74241"}],"wp:term":[{"taxonomy":"category","embeddable":true,"href":"https:\/\/primicias2262.com\/noticias\/wp-json\/wp\/v2\/categories?post=74241"},{"taxonomy":"post_tag","embeddable":true,"href":"https:\/\/primicias2262.com\/noticias\/wp-json\/wp\/v2\/tags?post=74241"}],"curies":[{"name":"wp","href":"https:\/\/api.w.org\/{rel}","templated":true}]}}