{"id":74244,"date":"2021-03-19T09:54:36","date_gmt":"2021-03-19T12:54:36","guid":{"rendered":"https:\/\/primicias2262.com\/?p=74244"},"modified":"2021-03-19T09:54:36","modified_gmt":"2021-03-19T12:54:36","slug":"pesada-herencia-se-me-revuelve-el-estomago-cuando-el-exoficialismo-se-queja","status":"publish","type":"post","link":"https:\/\/primicias2262.com\/noticias\/pesada-herencia-se-me-revuelve-el-estomago-cuando-el-exoficialismo-se-queja\/","title":{"rendered":"Pesada herencia: \u201cSe me revuelve el est\u00f3mago cuando el exoficialismo se queja\u201d"},"content":{"rendered":"<p><strong>As\u00ed lo expres\u00f3 el secretario de Gobierno, Jorge Mart\u00ednez, en el contexto de una nota realizada por el periodista Jorge G\u00f3mez en el programa \u201cVoces de la Ciudad\u201d, que se emite por FM Vinilo, 103.5 del dial.<\/strong><\/p>\n<p>Durante el di\u00e1logo se tocaron numerosos temas de la gesti\u00f3n municipal que encabeza el intendente Arturo Rojas, pero en un fragmento G\u00f3mez le pregunt\u00f3 al funcionario puntualmente por el sector opositor del Frente de Todos, acerca de qu\u00e9 siente cuando el exoficialismo expresa que el oficialismo actual insiste en remarcar las p\u00e9simas condiciones en qu\u00e9 heredaron la Municipalidad.<\/p>\n<p>Ante ello, el secretario fue tajante: \u201cA m\u00ed se me revuelve el est\u00f3mago cuando dicen eso, porque la verdad es que lo sufrimos y todav\u00eda lo estamos sufriendo con los proveedores que no creen en la palabra que les damos, y as\u00ed con todos\u2026 nos seguimos encontrando con sorpresas que van apareciendo, llamados de Provincia o Naci\u00f3n que nos preguntan si nos acordamos de pagar tal cosa que viene de la gesti\u00f3n pasada\u201d.<\/p>\n<p>Sin embargo, afirm\u00f3 con seguridad que \u201cestamos trabajando con un norte muy firme de parte del intendente Arturo Rojas, que todos los d\u00edas nos da las instrucciones de c\u00f3mo tenemos que seguir, cu\u00e1les son esos lineamientos y meterle para adelante\u201d.<\/p>\n","protected":false},"excerpt":{"rendered":"<p>As\u00ed lo expres\u00f3 el secretario de Gobierno, Jorge Mart\u00ednez, en el contexto de una nota realizada por el periodista Jorge G\u00f3mez en el programa \u201cVoces de la Ciudad\u201d, que se emite por FM Vinilo, 103.5 del dial. Durante el di\u00e1logo se tocaron numerosos temas de la gesti\u00f3n municipal que encabeza el intendente Arturo Rojas, pero [&hellip;]<\/p>\n","protected":false},"author":3,"featured_media":74245,"comment_status":"closed","ping_status":"closed","sticky":false,"template":"","format":"standard","meta":{"footnotes":""},"categories":[3],"tags":[],"class_list":{"0":"post-74244","1":"post","2":"type-post","3":"status-publish","4":"format-standard","5":"has-post-thumbnail","7":"category-masnoticias"},"_links":{"self":[{"href":"https:\/\/primicias2262.com\/noticias\/wp-json\/wp\/v2\/posts\/74244","targetHints":{"allow":["GET"]}}],"collection":[{"href":"https:\/\/primicias2262.com\/noticias\/wp-json\/wp\/v2\/posts"}],"about":[{"href":"https:\/\/primicias2262.com\/noticias\/wp-json\/wp\/v2\/types\/post"}],"author":[{"embeddable":true,"href":"https:\/\/primicias2262.com\/noticias\/wp-json\/wp\/v2\/users\/3"}],"replies":[{"embeddable":true,"href":"https:\/\/primicias2262.com\/noticias\/wp-json\/wp\/v2\/comments?post=74244"}],"version-history":[{"count":0,"href":"https:\/\/primicias2262.com\/noticias\/wp-json\/wp\/v2\/posts\/74244\/revisions"}],"wp:featuredmedia":[{"embeddable":true,"href":"https:\/\/primicias2262.com\/noticias\/wp-json\/"}],"wp:attachment":[{"href":"https:\/\/primicias2262.com\/noticias\/wp-json\/wp\/v2\/media?parent=74244"}],"wp:term":[{"taxonomy":"category","embeddable":true,"href":"https:\/\/primicias2262.com\/noticias\/wp-json\/wp\/v2\/categories?post=74244"},{"taxonomy":"post_tag","embeddable":true,"href":"https:\/\/primicias2262.com\/noticias\/wp-json\/wp\/v2\/tags?post=74244"}],"curies":[{"name":"wp","href":"https:\/\/api.w.org\/{rel}","templated":true}]}}