{"id":74247,"date":"2021-03-19T09:59:12","date_gmt":"2021-03-19T12:59:12","guid":{"rendered":"https:\/\/primicias2262.com\/?p=74247"},"modified":"2021-03-19T09:59:12","modified_gmt":"2021-03-19T12:59:12","slug":"entregaron-mobiliario-escolar-a-distintos-establecimientos-educativos","status":"publish","type":"post","link":"https:\/\/primicias2262.com\/noticias\/entregaron-mobiliario-escolar-a-distintos-establecimientos-educativos\/","title":{"rendered":"Entregaron mobiliario escolar a distintos establecimientos educativos"},"content":{"rendered":"<p style=\"font-weight: 400;\"><strong>En el marco del inicio del Ciclo Lectivo 2021 y luego de adquirir un importante volumen de mobiliario,\u00a0el Consejo Escolar y la Municipalidad de Necochea realizaron un trabajo en conjunto\u00a0para la distribuci\u00f3n de los elementos a escuelas de Necochea y Quequ\u00e9n.<\/strong><\/p>\n<p style=\"font-weight: 400;\">De esta manera, en las \u00faltimas horas,\u00a0<strong>se entregaron cerca de 100 mesas y 200 sillas\u00a0<\/strong>destinadas a la Escuela Secundaria N\u00b0 1, Escuela Secundaria N\u00b0 5, Escuela Normal Superior \u201cJos\u00e9 Manuel Estrada\u201d, Escuela de Educaci\u00f3n Especial N\u00b0 501, Escuela Primaria N\u00b0 40 y Escuela Secundaria N\u00b0 13.<\/p>\n<p style=\"font-weight: 400;\">Las autoridades\u00a0<strong>Prof.<\/strong>\u00a0<strong>Silvina Jensen<\/strong>\u00a0y\u00a0<strong>Prof. Rodrigo Tab\u00e1rez<\/strong>, quienes recorrieron las escuelas, manifestaron que<strong>\u00a0\u201ccomo resultado de un trabajo conjunto entre Consejo y Municipalidad, pudimos llevar adelante esta importante entrega que se adquiri\u00f3, con fondos provinciales, para las escuelas del Distrito.\u201d<\/strong><\/p>\n<p><img loading=\"lazy\" decoding=\"async\" class=\"aligncenter size-full wp-image-74248\" src=\"https:\/\/primicias2262.com\/wp-content\/uploads\/2021\/03\/mobiliario1.jpeg\" alt=\"\" width=\"1152\" height=\"648\" \/><\/p>\n<p style=\"font-weight: 400;\">Ampliaron que\u00a0<strong>se continuar\u00e1 entregando mobiliario<\/strong>\u00a0en los pr\u00f3ximos d\u00edas y simult\u00e1neamente,\u00a0<strong>gestionaran la posibilidad de que arribe m\u00e1s material<\/strong>\u00a0\u00e1ulico para las instituciones.<\/p>\n<p style=\"font-weight: 400;\">Para finalizar,\u00a0<strong>el Consejo Escolar agradece la buena predisposici\u00f3n de la Direcci\u00f3n Municipal de Servicios P\u00fablicos y la Delegaci\u00f3n de Quequ\u00e9n<\/strong>\u00a0para llevar adelante la entrega de mobiliario.<\/p>\n","protected":false},"excerpt":{"rendered":"<p>En el marco del inicio del Ciclo Lectivo 2021 y luego de adquirir un importante volumen de mobiliario,\u00a0el Consejo Escolar y la Municipalidad de Necochea realizaron un trabajo en conjunto\u00a0para la distribuci\u00f3n de los elementos a escuelas de Necochea y Quequ\u00e9n. De esta manera, en las \u00faltimas horas,\u00a0se entregaron cerca de 100 mesas y 200 [&hellip;]<\/p>\n","protected":false},"author":3,"featured_media":74249,"comment_status":"closed","ping_status":"closed","sticky":false,"template":"","format":"standard","meta":{"footnotes":""},"categories":[3],"tags":[],"class_list":{"0":"post-74247","1":"post","2":"type-post","3":"status-publish","4":"format-standard","5":"has-post-thumbnail","7":"category-masnoticias"},"_links":{"self":[{"href":"https:\/\/primicias2262.com\/noticias\/wp-json\/wp\/v2\/posts\/74247","targetHints":{"allow":["GET"]}}],"collection":[{"href":"https:\/\/primicias2262.com\/noticias\/wp-json\/wp\/v2\/posts"}],"about":[{"href":"https:\/\/primicias2262.com\/noticias\/wp-json\/wp\/v2\/types\/post"}],"author":[{"embeddable":true,"href":"https:\/\/primicias2262.com\/noticias\/wp-json\/wp\/v2\/users\/3"}],"replies":[{"embeddable":true,"href":"https:\/\/primicias2262.com\/noticias\/wp-json\/wp\/v2\/comments?post=74247"}],"version-history":[{"count":0,"href":"https:\/\/primicias2262.com\/noticias\/wp-json\/wp\/v2\/posts\/74247\/revisions"}],"wp:featuredmedia":[{"embeddable":true,"href":"https:\/\/primicias2262.com\/noticias\/wp-json\/"}],"wp:attachment":[{"href":"https:\/\/primicias2262.com\/noticias\/wp-json\/wp\/v2\/media?parent=74247"}],"wp:term":[{"taxonomy":"category","embeddable":true,"href":"https:\/\/primicias2262.com\/noticias\/wp-json\/wp\/v2\/categories?post=74247"},{"taxonomy":"post_tag","embeddable":true,"href":"https:\/\/primicias2262.com\/noticias\/wp-json\/wp\/v2\/tags?post=74247"}],"curies":[{"name":"wp","href":"https:\/\/api.w.org\/{rel}","templated":true}]}}