{"id":74251,"date":"2021-03-19T10:08:37","date_gmt":"2021-03-19T13:08:37","guid":{"rendered":"https:\/\/primicias2262.com\/?p=74251"},"modified":"2021-03-19T10:08:37","modified_gmt":"2021-03-19T13:08:37","slug":"sin-chances-de-actividades-masivas-plantaran-arboles-por-el-dia-de-la-memoria","status":"publish","type":"post","link":"https:\/\/primicias2262.com\/noticias\/sin-chances-de-actividades-masivas-plantaran-arboles-por-el-dia-de-la-memoria\/","title":{"rendered":"Sin chances de actividades masivas, plantar\u00e1n \u00e1rboles por el D\u00eda de la Memoria"},"content":{"rendered":"<p><strong>El director de Relaciones con la Comunidad y Derechos Humanos del municipio, Ger\u00f3nimo Gallegos, explic\u00f3 en \u201cVoces de la Ciudad\u201d c\u00f3mo ser\u00e1 la actividad conmemorativa de la semana venidera a 45 a\u00f1os del golpe c\u00edvico militar del 24 de marzo.<\/strong><\/p>\n<p>En v\u00edsperas del 24 de marzo, D\u00eda Nacional de la Memoria por la Verdad y la Justicia, no habr\u00e1 actos convocantes ni masivos por la pandemia de coronavirus, pero s\u00ed de car\u00e1cter institucional, y as\u00ed lo inform\u00f3 Gallegos ante la consulta del periodista Jorge G\u00f3mez.<\/p>\n<p>En nota telef\u00f3nica, el funcionario inform\u00f3 que \u201cdesde el\u00a0<strong>municipio estaremos realizando el venidero martes 23 una actividad que se llama \u2018Plantemos Memoria\u2019<\/strong>, que es propuesta por los organismos nacionales de Derechos Humanos. Nosotros lo vamos a articular con la Subsecretar\u00eda de DD.HH. de la provincia de Buenos Aires y la actividad consiste en plantar una especie arb\u00f3rea de forma simb\u00f3lica por cada uno de los detenidos desaparecidos que hubo en el distrito en la \u00faltima dictadura militar\u201d.<\/p>\n<p>Adem\u00e1s, detall\u00f3 el entrevistado que \u201cesto ser\u00e1 a las 17\u00a0 en la exv\u00edas del Ferrocarril Sud, detr\u00e1s de la Escuela de Artes, en 62 entre 47 y 45, y hacemos la convocatoria, no s\u00f3lo a representantes de organismos de Derechos Humanos de la ciudad, sino tambi\u00e9n a instituciones p\u00fablicas que quieran participar y asociaciones civiles afines a la tem\u00e1tica de derechos\u201d.<\/p>\n<p>Incluso, Gallegos revel\u00f3 que \u201cen la Comisi\u00f3n de Derechos Humanos del Concejo Deliberante dimos por adelantado esta semana lo que va a ser un convenio sobre DDHH que estamos lanzando con Provincia, y tambi\u00e9n dimos un adelanto de lo que va a ser el Archivo Municipal de la Memoria, que lo vamos a estar inaugurando en abril y funcionar\u00e1 tambi\u00e9n en la Escuela Municipal de Artes\u201d.<\/p>\n<p>\u201cSer\u00e1 un logro importante para el distrito a partir de una causa que vienen trabajando mucho los organismos, y tendr\u00e1n por primera vez un espacio reflejado\u201d, acot\u00f3 al respecto.<\/p>\n<p>Finalmente, el funcionario apunt\u00f3 que \u201clos organismos tienen un cronograma tentativo para la semana que viene, el lunes 22 comienzan las conmemoraciones y nosotros lo vamos a continuar el domingo 28, que es el cumplea\u00f1os de Juan N. Fern\u00e1ndez, iremos all\u00ed y a Claraz para hacer la misma actividad, donde sembraremos un \u00e1rbol en homenaje a desaparecidos\u201d.<\/p>\n","protected":false},"excerpt":{"rendered":"<p>El director de Relaciones con la Comunidad y Derechos Humanos del municipio, Ger\u00f3nimo Gallegos, explic\u00f3 en \u201cVoces de la Ciudad\u201d c\u00f3mo ser\u00e1 la actividad conmemorativa de la semana venidera a 45 a\u00f1os del golpe c\u00edvico militar del 24 de marzo. En v\u00edsperas del 24 de marzo, D\u00eda Nacional de la Memoria por la Verdad y [&hellip;]<\/p>\n","protected":false},"author":3,"featured_media":74252,"comment_status":"closed","ping_status":"closed","sticky":false,"template":"","format":"standard","meta":{"footnotes":""},"categories":[3],"tags":[],"class_list":{"0":"post-74251","1":"post","2":"type-post","3":"status-publish","4":"format-standard","5":"has-post-thumbnail","7":"category-masnoticias"},"_links":{"self":[{"href":"https:\/\/primicias2262.com\/noticias\/wp-json\/wp\/v2\/posts\/74251","targetHints":{"allow":["GET"]}}],"collection":[{"href":"https:\/\/primicias2262.com\/noticias\/wp-json\/wp\/v2\/posts"}],"about":[{"href":"https:\/\/primicias2262.com\/noticias\/wp-json\/wp\/v2\/types\/post"}],"author":[{"embeddable":true,"href":"https:\/\/primicias2262.com\/noticias\/wp-json\/wp\/v2\/users\/3"}],"replies":[{"embeddable":true,"href":"https:\/\/primicias2262.com\/noticias\/wp-json\/wp\/v2\/comments?post=74251"}],"version-history":[{"count":0,"href":"https:\/\/primicias2262.com\/noticias\/wp-json\/wp\/v2\/posts\/74251\/revisions"}],"wp:featuredmedia":[{"embeddable":true,"href":"https:\/\/primicias2262.com\/noticias\/wp-json\/"}],"wp:attachment":[{"href":"https:\/\/primicias2262.com\/noticias\/wp-json\/wp\/v2\/media?parent=74251"}],"wp:term":[{"taxonomy":"category","embeddable":true,"href":"https:\/\/primicias2262.com\/noticias\/wp-json\/wp\/v2\/categories?post=74251"},{"taxonomy":"post_tag","embeddable":true,"href":"https:\/\/primicias2262.com\/noticias\/wp-json\/wp\/v2\/tags?post=74251"}],"curies":[{"name":"wp","href":"https:\/\/api.w.org\/{rel}","templated":true}]}}