{"id":74261,"date":"2021-03-19T10:31:47","date_gmt":"2021-03-19T13:31:47","guid":{"rendered":"https:\/\/primicias2262.com\/?p=74261"},"modified":"2021-03-19T10:31:47","modified_gmt":"2021-03-19T13:31:47","slug":"se-acordo-un-155-de-aumento-salarial-para-los-trabajadores-municipales-de-loberia","status":"publish","type":"post","link":"https:\/\/primicias2262.com\/noticias\/se-acordo-un-155-de-aumento-salarial-para-los-trabajadores-municipales-de-loberia\/","title":{"rendered":"Se acord\u00f3 un 15,5% de aumento salarial para los trabajadores municipales de Lober\u00eda"},"content":{"rendered":"<p><strong>A partir del di\u00e1logo mantenido entre el Intendente de Lober\u00eda, Juan Jos\u00e9 Fioramonti, integrantes del equipo de gobierno y la Asociaci\u00f3n Sindical de Trabajadores Municipales, se acord\u00f3 un incremento salarial del 15,5%.<\/strong><\/p>\n<p>El mismo ser\u00e1 en dos tramos: el primero del 10% se har\u00e1 efectivo a partir de marzo, por lo que los trabajadores municipales lo percibir\u00e1n en el pr\u00f3ximo cobro; el siguiente del 5% a partir de abril, lo que totalizar\u00e1 el incremento acordado total del 15,5%.<\/p>\n<p>El incremento, permite estar aproximadamente 3 puntos porcentuales por encima de la inflaci\u00f3n estimada para los primeros 3 meses del a\u00f1o.<\/p>\n<p>Las partes acordaron mantener nuevos encuentros a partir de julio, para continuar monitoreando el proceso inflacionario y la evoluci\u00f3n del salario.<\/p>\n","protected":false},"excerpt":{"rendered":"<p>A partir del di\u00e1logo mantenido entre el Intendente de Lober\u00eda, Juan Jos\u00e9 Fioramonti, integrantes del equipo de gobierno y la Asociaci\u00f3n Sindical de Trabajadores Municipales, se acord\u00f3 un incremento salarial del 15,5%. El mismo ser\u00e1 en dos tramos: el primero del 10% se har\u00e1 efectivo a partir de marzo, por lo que los trabajadores municipales [&hellip;]<\/p>\n","protected":false},"author":3,"featured_media":74262,"comment_status":"closed","ping_status":"closed","sticky":false,"template":"","format":"standard","meta":{"footnotes":""},"categories":[4],"tags":[],"class_list":{"0":"post-74261","1":"post","2":"type-post","3":"status-publish","4":"format-standard","5":"has-post-thumbnail","7":"category-actualidad"},"_links":{"self":[{"href":"https:\/\/primicias2262.com\/noticias\/wp-json\/wp\/v2\/posts\/74261","targetHints":{"allow":["GET"]}}],"collection":[{"href":"https:\/\/primicias2262.com\/noticias\/wp-json\/wp\/v2\/posts"}],"about":[{"href":"https:\/\/primicias2262.com\/noticias\/wp-json\/wp\/v2\/types\/post"}],"author":[{"embeddable":true,"href":"https:\/\/primicias2262.com\/noticias\/wp-json\/wp\/v2\/users\/3"}],"replies":[{"embeddable":true,"href":"https:\/\/primicias2262.com\/noticias\/wp-json\/wp\/v2\/comments?post=74261"}],"version-history":[{"count":0,"href":"https:\/\/primicias2262.com\/noticias\/wp-json\/wp\/v2\/posts\/74261\/revisions"}],"wp:featuredmedia":[{"embeddable":true,"href":"https:\/\/primicias2262.com\/noticias\/wp-json\/"}],"wp:attachment":[{"href":"https:\/\/primicias2262.com\/noticias\/wp-json\/wp\/v2\/media?parent=74261"}],"wp:term":[{"taxonomy":"category","embeddable":true,"href":"https:\/\/primicias2262.com\/noticias\/wp-json\/wp\/v2\/categories?post=74261"},{"taxonomy":"post_tag","embeddable":true,"href":"https:\/\/primicias2262.com\/noticias\/wp-json\/wp\/v2\/tags?post=74261"}],"curies":[{"name":"wp","href":"https:\/\/api.w.org\/{rel}","templated":true}]}}