{"id":74271,"date":"2021-03-20T11:53:30","date_gmt":"2021-03-20T14:53:30","guid":{"rendered":"https:\/\/primicias2262.com\/?p=74271"},"modified":"2021-03-20T11:53:30","modified_gmt":"2021-03-20T14:53:30","slug":"monzo-anuncio-su-intencion-de-competir-en-la-provincia-de-buenos-aires","status":"publish","type":"post","link":"https:\/\/primicias2262.com\/noticias\/monzo-anuncio-su-intencion-de-competir-en-la-provincia-de-buenos-aires\/","title":{"rendered":"Monz\u00f3 anunci\u00f3 su intenci\u00f3n de competir en la Provincia de Buenos Aires"},"content":{"rendered":"<p>El ex presidente de la C\u00e1mara de Diputados Emilio Monz\u00f3 adelant\u00f3 su intenci\u00f3n de ser candidato en las pr\u00f3ximas elecciones que se realizar\u00e1n en la provincia de Buenos Aires y asegur\u00f3 que competir\u00e1 en las Primarias Abiertas Simult\u00e1neas y Obligatorias (PASO) de Juntos por el Cambio.<\/p>\n<p>\u00abEstoy caminando la provincia de Buenos Aires para ir a las PASO el 8 de agosto como<strong>\u00a0precandidato a diputado nacional por el Partido del Di\u00e1logo,\u00a0<\/strong>que integra\u00a0<strong>Juntos por el Cambio<\/strong>\u00ab, asegur\u00f3 Monz\u00f3 en conferencia de prensa en General Rodr\u00edguez.<\/p>\n<p><strong>Sobre el lanzamiento de Peronismo Republicano, el dirigente expres\u00f3 que tiene \u00abmuy buena relaci\u00f3n con Joaqu\u00edn de la Torre y Miguel \u00c1ngel Pichetto\u00bb.<\/strong><\/p>\n<p>\u00abEn el caso de Miguel, respeto y admiraci\u00f3n, dado que fue una persona muy importante en los cuatro a\u00f1os de gobierno. Con \u00e9l establecimos un v\u00ednculo que nos permiti\u00f3 tener las herramientas y sancionar muchas leyes que enviaba el Poder Ejecutivo\u00bb, sintetiz\u00f3.<\/p>\n<p>\u00abEn mi caso, venimos recorriendo la provincia desde enero, secci\u00f3n por secci\u00f3n, junto a muchos dirigentes bonaerenses de distintos partidos y espacios, y\u00a0<strong>estamos consolidando un espacio de centro dentro de Juntos por el Cambio\u00a0<\/strong>que sea una alternativa superadora a los problemas hist\u00f3ricos y recurrentes que viene atravesando la provincia de Buenas Aires\u00bb, asever\u00f3,<\/p>\n<p>Sobre la situaci\u00f3n que enfrenta el Conurbano, Monz\u00f3 plante\u00f3 que \u00abhay muchos contrastes\u00bb, porque hay muchos lugares donde vive gente \u00absin cloacas, sin cord\u00f3n cuneta y sin las necesidades b\u00e1sicas satisfechas\u00bb.<\/p>\n<p>Ese contraste es permanente: una Argentina pobre y la Argentina que arriesga, que quiere ir para adelante. Pero tenemos que entender los problemas para abordarlos de manera conjunta e integral\u00bb, concluy\u00f3 el dirigente de Juntos por el Cambio.<\/p>\n","protected":false},"excerpt":{"rendered":"<p>El ex presidente de la C\u00e1mara de Diputados Emilio Monz\u00f3 adelant\u00f3 su intenci\u00f3n de ser candidato en las pr\u00f3ximas elecciones que se realizar\u00e1n en la provincia de Buenos Aires y asegur\u00f3 que competir\u00e1 en las Primarias Abiertas Simult\u00e1neas y Obligatorias (PASO) de Juntos por el Cambio. \u00abEstoy caminando la provincia de Buenos Aires para ir [&hellip;]<\/p>\n","protected":false},"author":3,"featured_media":74272,"comment_status":"closed","ping_status":"closed","sticky":false,"template":"","format":"standard","meta":{"footnotes":""},"categories":[4],"tags":[],"class_list":{"0":"post-74271","1":"post","2":"type-post","3":"status-publish","4":"format-standard","5":"has-post-thumbnail","7":"category-actualidad"},"_links":{"self":[{"href":"https:\/\/primicias2262.com\/noticias\/wp-json\/wp\/v2\/posts\/74271","targetHints":{"allow":["GET"]}}],"collection":[{"href":"https:\/\/primicias2262.com\/noticias\/wp-json\/wp\/v2\/posts"}],"about":[{"href":"https:\/\/primicias2262.com\/noticias\/wp-json\/wp\/v2\/types\/post"}],"author":[{"embeddable":true,"href":"https:\/\/primicias2262.com\/noticias\/wp-json\/wp\/v2\/users\/3"}],"replies":[{"embeddable":true,"href":"https:\/\/primicias2262.com\/noticias\/wp-json\/wp\/v2\/comments?post=74271"}],"version-history":[{"count":0,"href":"https:\/\/primicias2262.com\/noticias\/wp-json\/wp\/v2\/posts\/74271\/revisions"}],"wp:featuredmedia":[{"embeddable":true,"href":"https:\/\/primicias2262.com\/noticias\/wp-json\/"}],"wp:attachment":[{"href":"https:\/\/primicias2262.com\/noticias\/wp-json\/wp\/v2\/media?parent=74271"}],"wp:term":[{"taxonomy":"category","embeddable":true,"href":"https:\/\/primicias2262.com\/noticias\/wp-json\/wp\/v2\/categories?post=74271"},{"taxonomy":"post_tag","embeddable":true,"href":"https:\/\/primicias2262.com\/noticias\/wp-json\/wp\/v2\/tags?post=74271"}],"curies":[{"name":"wp","href":"https:\/\/api.w.org\/{rel}","templated":true}]}}