{"id":74274,"date":"2021-03-20T11:04:38","date_gmt":"2021-03-20T14:04:38","guid":{"rendered":"https:\/\/primicias2262.com\/?p=74274"},"modified":"2021-03-20T11:04:38","modified_gmt":"2021-03-20T14:04:38","slug":"74274-2","status":"publish","type":"post","link":"https:\/\/primicias2262.com\/noticias\/74274-2\/","title":{"rendered":"Comenzaron las inscripciones para el Plan FinEs 2021"},"content":{"rendered":"<p>El Ministerio de Educaci\u00f3n puso en marcha el plan FinEs 2021 para j\u00f3venes y adultos que no iniciaron o completaron sus estudios primarios o secundarios, que desde su implementaci\u00f3n permiti\u00f3 el estudio y la obtenci\u00f3n de t\u00edtulos a casi un mill\u00f3n de personas, inform\u00f3 un comunicado oficial.<\/p>\n<p>La inscripci\u00f3n ya est\u00e1 disponible en la p\u00e1gina\u00a0<a href=\"https:\/\/www.argentina.gob.ar\/educacion\/fines\" target=\"_blank\" rel=\"noopener noreferrer\">argentina.gob.ar\/educacion\/fines<\/a>, para<strong>\u00a0todas las l\u00edneas del plan oficial<\/strong>: FinEs Trayecto Secundario, FinEs Trayecto Primario, FinES deudores de materias y FinEs Tec.<\/p>\n<p>En un comunicado, la cartera educativa sostuvo que \u00aben el actual contexto resulta clave sostener esta propuesta que apunta a completar las trayectorias educativas\u00bb, que realiza junto a todas las jurisdicciones del pa\u00eds.<\/p>\n<p>\u00abLa iniciativa representa una oportunidad para los y las j\u00f3venes y adultos de todo el pa\u00eds de finalizar sus estudios primarios y\/o secundarios, a trav\u00e9s del desarrollo de experiencias educativas diferentes, significativas y basadas en la construcci\u00f3n colectiva de conocimientos para que puedan obtener los t\u00edtulo de la educaci\u00f3n obligatoria\u00bb, agreg\u00f3 el comunicado.<\/p>\n<p>Al respecto, el ministro de Educaci\u00f3n, Nicol\u00e1s Trotta, asegur\u00f3 que \u00absigue siendo imprescindible un Estado que, a trav\u00e9s del desarrollo y sostenimiento de pol\u00edticas educativas federales, garantice las condiciones para el efectivo ejercicio del derecho a la educaci\u00f3n y trabaje para poder disminuir la brecha de desigualdad educativa\u201d.<\/p>\n<p>El Plan Fines naci\u00f3 en 2008 para garantizar los derechos educativos de millones de ciudadanos\/as que no hab\u00edan podido acceder o finalizar sus estudios.<\/p>\n<p><strong>Los datos censales mostraron que 14,2 millones de personas de 18 o m\u00e1s a\u00f1os no hab\u00edan iniciado o completado su educaci\u00f3n primaria o secundaria.<\/strong><\/p>\n<p>Hasta ahora, el Plan permiti\u00f3 el estudio y titulaci\u00f3n de casi un mill\u00f3n de personas.<\/p>\n","protected":false},"excerpt":{"rendered":"<p>El Ministerio de Educaci\u00f3n puso en marcha el plan FinEs 2021 para j\u00f3venes y adultos que no iniciaron o completaron sus estudios primarios o secundarios, que desde su implementaci\u00f3n permiti\u00f3 el estudio y la obtenci\u00f3n de t\u00edtulos a casi un mill\u00f3n de personas, inform\u00f3 un comunicado oficial. La inscripci\u00f3n ya est\u00e1 disponible en la p\u00e1gina\u00a0argentina.gob.ar\/educacion\/fines, [&hellip;]<\/p>\n","protected":false},"author":3,"featured_media":74277,"comment_status":"closed","ping_status":"closed","sticky":false,"template":"","format":"standard","meta":{"footnotes":""},"categories":[4],"tags":[],"class_list":{"0":"post-74274","1":"post","2":"type-post","3":"status-publish","4":"format-standard","5":"has-post-thumbnail","7":"category-actualidad"},"_links":{"self":[{"href":"https:\/\/primicias2262.com\/noticias\/wp-json\/wp\/v2\/posts\/74274","targetHints":{"allow":["GET"]}}],"collection":[{"href":"https:\/\/primicias2262.com\/noticias\/wp-json\/wp\/v2\/posts"}],"about":[{"href":"https:\/\/primicias2262.com\/noticias\/wp-json\/wp\/v2\/types\/post"}],"author":[{"embeddable":true,"href":"https:\/\/primicias2262.com\/noticias\/wp-json\/wp\/v2\/users\/3"}],"replies":[{"embeddable":true,"href":"https:\/\/primicias2262.com\/noticias\/wp-json\/wp\/v2\/comments?post=74274"}],"version-history":[{"count":0,"href":"https:\/\/primicias2262.com\/noticias\/wp-json\/wp\/v2\/posts\/74274\/revisions"}],"wp:featuredmedia":[{"embeddable":true,"href":"https:\/\/primicias2262.com\/noticias\/wp-json\/"}],"wp:attachment":[{"href":"https:\/\/primicias2262.com\/noticias\/wp-json\/wp\/v2\/media?parent=74274"}],"wp:term":[{"taxonomy":"category","embeddable":true,"href":"https:\/\/primicias2262.com\/noticias\/wp-json\/wp\/v2\/categories?post=74274"},{"taxonomy":"post_tag","embeddable":true,"href":"https:\/\/primicias2262.com\/noticias\/wp-json\/wp\/v2\/tags?post=74274"}],"curies":[{"name":"wp","href":"https:\/\/api.w.org\/{rel}","templated":true}]}}