{"id":74282,"date":"2021-03-20T19:17:28","date_gmt":"2021-03-20T22:17:28","guid":{"rendered":"https:\/\/primicias2262.com\/?p=74282"},"modified":"2021-03-20T19:17:28","modified_gmt":"2021-03-20T22:17:28","slug":"porcentualmente-le-ganamos-por-lejos-a-la-crisis-de-2001-asevero-mariano-gonzalez","status":"publish","type":"post","link":"https:\/\/primicias2262.com\/noticias\/porcentualmente-le-ganamos-por-lejos-a-la-crisis-de-2001-asevero-mariano-gonzalez\/","title":{"rendered":"\u201cPorcentualmente le ganamos por lejos a la crisis de 2001\u201d, asever\u00f3 Mariano Gonz\u00e1lez"},"content":{"rendered":"<p><strong>El presidente de la C\u00e1mara Comercial local, Mariano Gonz\u00e1lez, habl\u00f3 sobre la dif\u00edcil temporada de verano para los comerciantes, en el contexto de la pandemia de coronavirus, y asegur\u00f3 que la clase pol\u00edtica deber\u00eda dejar de pensar en la rosca y ocuparse de las cuestiones que realmente valen.<\/strong><\/p>\n<p>En el marco de una nota realizada por el periodista Jorge G\u00f3mez en el \u201cPrograma Voces de la Ciudad\u201d, Gonz\u00e1lez primero habl\u00f3 a modo de balance de temporada, aunque \u00e9ste a\u00fan no termin\u00f3 del todo: \u201cTuvimos dos etapas, la pretemporada, donde las expectativas eran muy buenas, que el \u00e1mbito pol\u00edtico hab\u00eda dicho que se iba a trabajar con normalidad, entonces mucho de los comerciantes apostaron a la temporada porque se calculaba que iba a ser buena para el turismo interno, ya que la gente hab\u00eda estado encerrada todo el a\u00f1o, y con un d\u00f3lar alt\u00edsimo en ese momento se calculaba que iba a ser una buena\u201d.<\/p>\n<p>Pero a partir de ah\u00ed, \u201ca principios de enero se dieron las primeras noticias de los horarios por protocolo, se gener\u00f3 incertidumbre e hizo que muchas reservas se dieran de baja y que enero fuera un mes bastante bajo para lo que se esperaba. No as\u00ed febrero, que levant\u00f3 bastante y en promedio con otros a\u00f1os fue un febrero bueno, pero cuando se hizo el balance de la temporada terminamos en un 60%&#8230; un 40% faltante que se va a notar en esta temporada de invierno lamentablemente en la ciudad, porque el turismo es una de las industrias m\u00e1s importantes del distrito y deja dinero fresco\u201d, expres\u00f3.<\/p>\n<p>Acto seguido, enfatiz\u00f3 que \u201cestamos pasando por momentos dif\u00edciles, incertidumbre y desorganizaci\u00f3n, son varios temas que hacen que terminemos siendo v\u00edctima de este despiole a nivel mundial, la enfermedad repercuti\u00f3 de manera directa en la econom\u00eda: en Argentina cerraron 23 mil PyMes en 2020, es un dato hist\u00f3rico. Porcentualmente le ganamos por lejos a la crisis de 2001\u201d.<\/p>\n<p>Gonz\u00e1lez argument\u00f3 que \u201cya ven\u00edamos de por lo menos 8 a\u00f1os de crisis y letargo en Argentina con hiperinflaci\u00f3n, y as\u00ed nos agarr\u00f3 la pandemia a nosotros, en recesi\u00f3n total y con un peso ultra devaluado, y no se ha escuchado ning\u00fan plan productivo para luchar contra esto\u201d.<\/p>\n<p>En ese contexto, es que empez\u00f3 a criticar a la clase pol\u00edtica: \u201cTenemos que estar preocupados de c\u00f3mo llegamos a fin de mes de una manera m\u00e1s tranquila\u2026 ese es el tema principal de la poblaci\u00f3n, c\u00f3mo pagamos la cuota del colegio, el seguro. Este a\u00f1o nos encontramos con desabastecimiento e hiperinflaci\u00f3n. Los materiales el\u00e9ctricos en 2020 subieron un 100%, lo que hizo que tengamos productos que no se mueven d\u00eda a d\u00eda, y cuando los vend\u00e9s y vas a reponer perdiste el poder adquisitivo del producto, es imposible trabajar de esta manera\u201d.<\/p>\n<p>Por ende, se\u00f1al\u00f3 que \u201cel pa\u00eds est\u00e1 as\u00ed porque la clase pol\u00edtica en los \u00faltimos 50 a\u00f1os no se ha desarrollado t\u00e9cnica y profesionalmente, sino s\u00f3lo pol\u00edticamente. Lo \u00fanico que piensan es en la rosca, como dice la jerga. A m\u00ed me vino a ver la gente de los kioscos de los colegios, se juntaron y le mandamos una carta al intendente para ver qu\u00e9 se puede hacer, son m\u00e1s de 20 familias que viven de eso y este a\u00f1o est\u00e1n prohibidos. Si tom\u00e1s la decisi\u00f3n a nivel nacional de eliminar la actividad, a nivel local qu\u00e9 hacemos con esta gente para que no se muera de hambre\u201d.<\/p>\n<p>Y prosigui\u00f3 en el cierre: \u201cTe dicen que lo proh\u00edben por la salud, pero mientras organizan una elecci\u00f3n para que vaya toda la gente a juntarse a los colegios\u2026 entonces ya no me dan m\u00e1s ganas de hablar de la pol\u00edtica, viven en Estadolandia que es un estado al que nosotros nunca vamos a llegar acceder, no est\u00e1n dentro de la realidad de la gente. Salen con temas que son para desconcentrarnos del tema focal, que es unirnos para salir delante de esta crisis, como el caso de la gente de los kioscos. Me parece que en esta parte el Estado no tiene empat\u00eda\u201d.<\/p>\n","protected":false},"excerpt":{"rendered":"<p>El presidente de la C\u00e1mara Comercial local, Mariano Gonz\u00e1lez, habl\u00f3 sobre la dif\u00edcil temporada de verano para los comerciantes, en el contexto de la pandemia de coronavirus, y asegur\u00f3 que la clase pol\u00edtica deber\u00eda dejar de pensar en la rosca y ocuparse de las cuestiones que realmente valen. En el marco de una nota realizada [&hellip;]<\/p>\n","protected":false},"author":3,"featured_media":74283,"comment_status":"closed","ping_status":"closed","sticky":false,"template":"","format":"standard","meta":{"footnotes":""},"categories":[3],"tags":[],"class_list":{"0":"post-74282","1":"post","2":"type-post","3":"status-publish","4":"format-standard","5":"has-post-thumbnail","7":"category-masnoticias"},"_links":{"self":[{"href":"https:\/\/primicias2262.com\/noticias\/wp-json\/wp\/v2\/posts\/74282","targetHints":{"allow":["GET"]}}],"collection":[{"href":"https:\/\/primicias2262.com\/noticias\/wp-json\/wp\/v2\/posts"}],"about":[{"href":"https:\/\/primicias2262.com\/noticias\/wp-json\/wp\/v2\/types\/post"}],"author":[{"embeddable":true,"href":"https:\/\/primicias2262.com\/noticias\/wp-json\/wp\/v2\/users\/3"}],"replies":[{"embeddable":true,"href":"https:\/\/primicias2262.com\/noticias\/wp-json\/wp\/v2\/comments?post=74282"}],"version-history":[{"count":0,"href":"https:\/\/primicias2262.com\/noticias\/wp-json\/wp\/v2\/posts\/74282\/revisions"}],"wp:featuredmedia":[{"embeddable":true,"href":"https:\/\/primicias2262.com\/noticias\/wp-json\/"}],"wp:attachment":[{"href":"https:\/\/primicias2262.com\/noticias\/wp-json\/wp\/v2\/media?parent=74282"}],"wp:term":[{"taxonomy":"category","embeddable":true,"href":"https:\/\/primicias2262.com\/noticias\/wp-json\/wp\/v2\/categories?post=74282"},{"taxonomy":"post_tag","embeddable":true,"href":"https:\/\/primicias2262.com\/noticias\/wp-json\/wp\/v2\/tags?post=74282"}],"curies":[{"name":"wp","href":"https:\/\/api.w.org\/{rel}","templated":true}]}}