{"id":74288,"date":"2021-03-21T13:53:03","date_gmt":"2021-03-21T16:53:03","guid":{"rendered":"https:\/\/primicias2262.com\/?p=74288"},"modified":"2021-03-21T13:53:03","modified_gmt":"2021-03-21T16:53:03","slug":"el-papa-francisco-contra-el-racismo-es-un-virus-que-esta-siempre-al-acecho","status":"publish","type":"post","link":"https:\/\/primicias2262.com\/noticias\/el-papa-francisco-contra-el-racismo-es-un-virus-que-esta-siempre-al-acecho\/","title":{"rendered":"El papa Francisco, contra el racismo: \u00abEs un virus que est\u00e1 siempre al acecho\u00bb"},"content":{"rendered":"<p>El papa Francisco denunci\u00f3 este domingo el racismo, compar\u00e1ndolo con un virus que acecha para emerger y mostrar que \u201cnuestro supuesto progreso social no es tan real ni definitivo\u201d como la gente piensa.<\/p>\n<p><strong>\u201cEl racismo es un virus que muta f\u00e1cilmente y que, en lugar de desaparecer, se esconde y est\u00e1 siempre al acecho\u00bb,<\/strong>\u00a0dijo el Papa en Twitter en el D\u00eda Internacional para la Eliminaci\u00f3n de la Discriminaci\u00f3n Racial.<\/p>\n<p>\u00abLas expresiones de racismo vuelven a avergonzarnos, demostrando as\u00ed que los avances de la sociedad no est\u00e1n asegurados para siempre\u201d, agreg\u00f3 Francisco.<\/p>\n<p><strong>Con los hashtags #FightRacism #FratelliTutti, Francisco aludi\u00f3 al t\u00edtulo de la enc\u00edclica<\/strong>, o documento especial de ense\u00f1anza, que emiti\u00f3 el a\u00f1o pasado en medio de la pandemia de Covid-19 para presionar por la solidaridad, la hermandad y el cuidado del medio ambiente en todo el mundo.<\/p>\n<p>En su tuit, Francisco, quien a lo largo de su papado defendi\u00f3 los derechos de las personas marginadas en las sociedades, incluidos los migrantes, no cit\u00f3 ning\u00fan caso particular de racismo o lugar.<\/p>\n<p><strong>La conmemoraci\u00f3n anual de la ONU del 21 de marzo coincide con el aniversario del d\u00eda en que la polic\u00eda de Sharpeville, Sud\u00e1frica, abri\u00f3 fuego y mat\u00f3 a 69 personas en una manifestaci\u00f3n pac\u00edfica contra las leyes del apartheid en 1960.<\/strong><\/p>\n","protected":false},"excerpt":{"rendered":"<p>El papa Francisco denunci\u00f3 este domingo el racismo, compar\u00e1ndolo con un virus que acecha para emerger y mostrar que \u201cnuestro supuesto progreso social no es tan real ni definitivo\u201d como la gente piensa. \u201cEl racismo es un virus que muta f\u00e1cilmente y que, en lugar de desaparecer, se esconde y est\u00e1 siempre al acecho\u00bb,\u00a0dijo el [&hellip;]<\/p>\n","protected":false},"author":3,"featured_media":74289,"comment_status":"closed","ping_status":"closed","sticky":false,"template":"","format":"standard","meta":{"footnotes":""},"categories":[4],"tags":[],"class_list":{"0":"post-74288","1":"post","2":"type-post","3":"status-publish","4":"format-standard","5":"has-post-thumbnail","7":"category-actualidad"},"_links":{"self":[{"href":"https:\/\/primicias2262.com\/noticias\/wp-json\/wp\/v2\/posts\/74288","targetHints":{"allow":["GET"]}}],"collection":[{"href":"https:\/\/primicias2262.com\/noticias\/wp-json\/wp\/v2\/posts"}],"about":[{"href":"https:\/\/primicias2262.com\/noticias\/wp-json\/wp\/v2\/types\/post"}],"author":[{"embeddable":true,"href":"https:\/\/primicias2262.com\/noticias\/wp-json\/wp\/v2\/users\/3"}],"replies":[{"embeddable":true,"href":"https:\/\/primicias2262.com\/noticias\/wp-json\/wp\/v2\/comments?post=74288"}],"version-history":[{"count":0,"href":"https:\/\/primicias2262.com\/noticias\/wp-json\/wp\/v2\/posts\/74288\/revisions"}],"wp:featuredmedia":[{"embeddable":true,"href":"https:\/\/primicias2262.com\/noticias\/wp-json\/"}],"wp:attachment":[{"href":"https:\/\/primicias2262.com\/noticias\/wp-json\/wp\/v2\/media?parent=74288"}],"wp:term":[{"taxonomy":"category","embeddable":true,"href":"https:\/\/primicias2262.com\/noticias\/wp-json\/wp\/v2\/categories?post=74288"},{"taxonomy":"post_tag","embeddable":true,"href":"https:\/\/primicias2262.com\/noticias\/wp-json\/wp\/v2\/tags?post=74288"}],"curies":[{"name":"wp","href":"https:\/\/api.w.org\/{rel}","templated":true}]}}