{"id":74297,"date":"2021-03-21T14:02:18","date_gmt":"2021-03-21T17:02:18","guid":{"rendered":"https:\/\/primicias2262.com\/?p=74297"},"modified":"2021-03-21T14:02:18","modified_gmt":"2021-03-21T17:02:18","slug":"el-precio-de-los-0km-aumento-en-febrero-por-encima-de-la-inflacion-y-el-tipo-de-cambio","status":"publish","type":"post","link":"https:\/\/primicias2262.com\/noticias\/el-precio-de-los-0km-aumento-en-febrero-por-encima-de-la-inflacion-y-el-tipo-de-cambio\/","title":{"rendered":"El precio de los 0km aument\u00f3 en febrero por encima de la inflaci\u00f3n y el tipo de cambio"},"content":{"rendered":"<p>El precio de los veh\u00edculos 0 kil\u00f3metro durante febrero creci\u00f3 7,1% en el promedio de todos los segmentos, y un 47,6% respecto del mismo mes de 2020, lo que marca una evoluci\u00f3n por encima de los niveles de inflaci\u00f3n del per\u00edodo y el tipo de cambio, de acuerdo a la Asociaci\u00f3n de Concesionarias de Automotores.<\/p>\n<p>El reporte dado a conocer reflej\u00f3 que,\u00a0<strong>en febrero, el \u00cdndice de Precios del Sector Automotor en Argentina (IPSA) tuvo un incremento del 7,1% respecto de enero \u00faltimo y mientras que el acumulado del primer bimestre fue del 11%.<\/strong><\/p>\n<p>En tanto,\u00a0<strong>el alza de los precios de los veh\u00edculos nuevos fue del 47,6% en la comparaci\u00f3n con el mismo mes del a\u00f1o pasado.<\/strong><\/p>\n<p>Este desempe\u00f1o interanual reflej\u00f3 que la evoluci\u00f3n de precios promedio estuvo por encima de la evoluci\u00f3n del tipo de cambio oficial que cerr\u00f3 el mismo per\u00edodo en el 44,5% de acuerdo al Banco Central, y de la inflaci\u00f3n que fue del 40,7% seg\u00fan el seguimiento del Indec.<\/p>\n<p>En el caso de la variaci\u00f3n de precios mensual, en el segundo mes del a\u00f1o el incremento de los veh\u00edculos del 7,1% result\u00f3 superior al movimiento de la apreciaci\u00f3n del d\u00f3lar que fue de 3,1% y por sobre el costo de vida que alcanz\u00f3 el 3,6%, rese\u00f1\u00f3 el mismo informe.<\/p>\n<p><strong>El IPSA recoge los precios de 54 modelos que representan el 80% de los patentamientos en cada una de las 5 categor\u00edas representadas,\u00a0<\/strong>y el \u00edndice se construye a partir de la variaci\u00f3n de los precios de lista al p\u00fablico de cada veh\u00edculo en las concesionarias..<\/p>\n<p>Se trata de autom\u00f3viles de Gama Peque\u00f1os (42% de los patentamientos de livianos), veh\u00edculos Comerciales Livianos (28%), SUV (22%), autom\u00f3viles de Gama Medianos (7%) y Monovol\u00famenes (1%), los que en conjunto representan el 99,5% de los patentamientos de veh\u00edculos livianos en 2020.<\/p>\n<p>El an\u00e1lisis de cada segmento refleja que en febrero que los veh\u00edculos peque\u00f1os fueron los de mayor incremento con alzas en los precios de lista del 7,76% mes contra mes, seguidos por los comerciales livianos en un 7,18%, los SUV 6,89%, los monovol\u00famenes un 5,92% y los medianos un 3,29%.<\/p>\n","protected":false},"excerpt":{"rendered":"<p>El precio de los veh\u00edculos 0 kil\u00f3metro durante febrero creci\u00f3 7,1% en el promedio de todos los segmentos, y un 47,6% respecto del mismo mes de 2020, lo que marca una evoluci\u00f3n por encima de los niveles de inflaci\u00f3n del per\u00edodo y el tipo de cambio, de acuerdo a la Asociaci\u00f3n de Concesionarias de Automotores. [&hellip;]<\/p>\n","protected":false},"author":3,"featured_media":74298,"comment_status":"closed","ping_status":"closed","sticky":false,"template":"","format":"standard","meta":{"footnotes":""},"categories":[4],"tags":[],"class_list":{"0":"post-74297","1":"post","2":"type-post","3":"status-publish","4":"format-standard","5":"has-post-thumbnail","7":"category-actualidad"},"_links":{"self":[{"href":"https:\/\/primicias2262.com\/noticias\/wp-json\/wp\/v2\/posts\/74297","targetHints":{"allow":["GET"]}}],"collection":[{"href":"https:\/\/primicias2262.com\/noticias\/wp-json\/wp\/v2\/posts"}],"about":[{"href":"https:\/\/primicias2262.com\/noticias\/wp-json\/wp\/v2\/types\/post"}],"author":[{"embeddable":true,"href":"https:\/\/primicias2262.com\/noticias\/wp-json\/wp\/v2\/users\/3"}],"replies":[{"embeddable":true,"href":"https:\/\/primicias2262.com\/noticias\/wp-json\/wp\/v2\/comments?post=74297"}],"version-history":[{"count":0,"href":"https:\/\/primicias2262.com\/noticias\/wp-json\/wp\/v2\/posts\/74297\/revisions"}],"wp:featuredmedia":[{"embeddable":true,"href":"https:\/\/primicias2262.com\/noticias\/wp-json\/"}],"wp:attachment":[{"href":"https:\/\/primicias2262.com\/noticias\/wp-json\/wp\/v2\/media?parent=74297"}],"wp:term":[{"taxonomy":"category","embeddable":true,"href":"https:\/\/primicias2262.com\/noticias\/wp-json\/wp\/v2\/categories?post=74297"},{"taxonomy":"post_tag","embeddable":true,"href":"https:\/\/primicias2262.com\/noticias\/wp-json\/wp\/v2\/tags?post=74297"}],"curies":[{"name":"wp","href":"https:\/\/api.w.org\/{rel}","templated":true}]}}